{"id":1767,"date":"2025-05-05T11:58:00","date_gmt":"2025-05-05T14:58:00","guid":{"rendered":"https:\/\/www.economicas.uba.ar\/ciudadesinteligentes\/?p=1767"},"modified":"2025-08-22T16:23:42","modified_gmt":"2025-08-22T19:23:42","slug":"iv-congreso-internacional-ciudades-inteligentes","status":"publish","type":"post","link":"https:\/\/www.economicas.uba.ar\/ciudadesinteligentes\/iv-congreso-internacional-ciudades-inteligentes\/","title":{"rendered":"IV CONGRESO INTERNACIONAL CIUDADES INTELIGENTES"},"content":{"rendered":"\t\t<div data-elementor-type=\"wp-post\" data-elementor-id=\"1767\" class=\"elementor elementor-1767\" data-elementor-post-type=\"post\">\n\t\t\t\t<div class=\"elementor-element elementor-element-58201346 e-flex e-con-boxed e-con e-parent\" data-id=\"58201346\" data-element_type=\"container\" data-e-type=\"container\">\n\t\t\t\t\t<div class=\"e-con-inner\">\n\t\t\t\t<div class=\"elementor-element elementor-element-c098c34 elementor-widget elementor-widget-heading\" data-id=\"c098c34\" data-element_type=\"widget\" data-e-type=\"widget\" data-widget_type=\"heading.default\">\n\t\t\t\t<div class=\"elementor-widget-container\">\n\t\t\t\t\t<h2 class=\"elementor-heading-title elementor-size-default\">Programa de Actividades<\/h2>\t\t\t\t<\/div>\n\t\t\t\t<\/div>\n\t\t\t\t<div class=\"elementor-element elementor-element-6658e342 elementor-widget elementor-widget-text-editor\" data-id=\"6658e342\" data-element_type=\"widget\" data-e-type=\"widget\" data-widget_type=\"text-editor.default\">\n\t\t\t\t<div class=\"elementor-widget-container\">\n\t\t\t\t\t\t\t\t\t\n<p><span style=\"text-decoration: underline;\"><span style=\"color: #035c81; text-decoration: underline;\"><strong>MARTES 2<\/strong><\/span><\/span><\/p>\n<p><span style=\"color: #000000;\">17.00-17.15 hs.\u00a0Acto inaugural:<\/span><\/p>\n<p><span style=\"color: #000000;\">Emiliano Yacobitti (Vicerrector UBA) \u2013 Ricardo Pahlen (Decano UBA EC\u00d3NOMICAS) y Omar Quiroga (Director Centro de Ciudades Inteligentes)<\/span><\/p>\n<ul>\n<li><span style=\"color: #000000;\">17.15-19.00 hs.\u00a0Panel: Innovaci\u00f3n y oportunidades en grandes ciudades de Argentina:<\/span><\/li>\n<\/ul>\n<p><span style=\"color: #000000;\">Ulpiano Suarez (Intendente de la ciudad de Mendoza); Rossana Chahla (Intendenta de San Miguel de Tucum\u00e1n); Ariel Sujarchuk (Intendente de Escobar) y Francisco Azcu\u00e9 (Intendente de Concordia \u2013 Entre R\u00edos). Moderador: Omar Quiroga (Director Centro de Ciudades Inteligentes).<\/span><\/p>\n<ul>\n<li><span style=\"color: #000000;\">19.00-21.00 hs.\u00a0Panel: Transformaci\u00f3n tecnol\u00f3gica y digital de las ciudades:<\/span><\/li>\n<\/ul>\n<p><span style=\"color: #000000;\">Ignacio Gei (Secretario de Ciudad Inteligente y Transformaci\u00f3n Digital, C\u00f3rdoba); Pedro Alessandri (Subsecretario de Subsec. de Ciudad Inteligente, CABA); Ana Carina Rodr\u00edguez (Subsecretaria de Innovaci\u00f3n de la Agencia de Desarrollo Productivo, Escobar); Martin Olmos (Ejecutivo Principal de la Direcci\u00f3n de Transformaci\u00f3n Digital en CAF, Banco de Desarrollo de Am\u00e9rica Latina y el Caribe) y Diego Parr\u00e1s (Subsecretario de Evaluaci\u00f3n Educativa, UBA Econ\u00f3micas); Moderador: Lucas Lanza (Director General de RECIA).<\/span><\/p>\n<p><span style=\"text-decoration: underline;\"><span style=\"color: #035c81; text-decoration: underline;\"><strong>MIERCOLES 3<\/strong><\/span><\/span><\/p>\n<ul>\n<li><span style=\"color: #000000;\">17.00-19.00 hs.\u00a0Panel: Desarrollo de una agenda Smart City:<\/span><\/li>\n<\/ul>\n<p><span style=\"color: #000000;\">Felipe Chib\u00e1s Ortiz (Universidad de Sao Paulo); Pablo Bereciartua (Ministro de Infraestructura y Movilidad de CABA); Nire Rold\u00e1n (Presidente del Centro de Estudios Metropolitano); Luis Bruno (UBATEC Ciudades). Moderador: Tom\u00e1s Garc\u00eda (UBA Econ\u00f3micas).<\/span><\/p>\n<ul>\n<li><span style=\"color: #000000;\">19.00-21.00 hs.\u00a0Ciudades Naranjas: \u201cEl impacto de las industrias creativas en el desarrollo de las ciudades inteligentes\u201d:<\/span><\/li>\n<\/ul>\n<p><span style=\"color: #000000;\">Jes\u00fas Cimarro (Presidente de la Asociaci\u00f3n de Productores y Teatros de Madrid-Espa\u00f1a); Sabrina Slauscius (Directora de Industrias Creativas, Ministerio de Desarrollo Econ\u00f3mico, Gobierno de la Ciudad de Buenos Aires); Diego Gareca (Subsecretario de Cultura Ministerio de Educaci\u00f3n, Cultura, Infancias y DGE. Gobierno de Mendoza) y Mart\u00edn Cabrales (Presidente de Cabrales S.A.); Paula Massa (Gerenta de Programaci\u00f3n Direct TV Latin America). \u00a0Moderador: Diego Berardo (UBA Econ\u00f3micas).<\/span><\/p>\n<p><span style=\"color: #000000;\"><\/span><\/p>\n<p>\u00a0<\/p>\n\t\t\t\t\t\t\t\t<\/div>\n\t\t\t\t<\/div>\n\t\t\t\t<div class=\"elementor-element elementor-element-6113a0c elementor-widget elementor-widget-button\" data-id=\"6113a0c\" data-element_type=\"widget\" data-e-type=\"widget\" data-widget_type=\"button.default\">\n\t\t\t\t<div class=\"elementor-widget-container\">\n\t\t\t\t\t\t\t\t\t<div class=\"elementor-button-wrapper\">\n\t\t\t\t\t<a class=\"elementor-button elementor-button-link elementor-size-sm\" href=\"https:\/\/mi.econ.uba.ar\/congreso.php\" target=\"_blank\">\n\t\t\t\t\t\t<span class=\"elementor-button-content-wrapper\">\n\t\t\t\t\t\t\t\t\t<span class=\"elementor-button-text\">Inscribite<\/span>\n\t\t\t\t\t<\/span>\n\t\t\t\t\t<\/a>\n\t\t\t\t<\/div>\n\t\t\t\t\t\t\t\t<\/div>\n\t\t\t\t<\/div>\n\t\t\t\t\t<\/div>\n\t\t\t\t<\/div>\n\t\t<div class=\"elementor-element elementor-element-f91b26a e-flex e-con-boxed e-con e-parent\" data-id=\"f91b26a\" data-element_type=\"container\" data-e-type=\"container\">\n\t\t\t\t\t<div class=\"e-con-inner\">\n\t\t\t\t\t<\/div>\n\t\t\t\t<\/div>\n\t\t\t\t<\/div>\n\t\t","protected":false},"excerpt":{"rendered":"<p>Proximamente<\/p>\n","protected":false},"author":9,"featured_media":1951,"comment_status":"closed","ping_status":"closed","sticky":false,"template":"","format":"standard","meta":{"footnotes":""},"categories":[25],"tags":[],"class_list":["post-1767","post","type-post","status-publish","format-standard","has-post-thumbnail","hentry","category-noticias-destacadas"],"yoast_head":"<!-- This site is optimized with the Yoast SEO plugin v27.5 - https:\/\/yoast.com\/product\/yoast-seo-wordpress\/ -->\n<title>Ciudades Inteligentes<\/title>\n<meta name=\"description\" content=\"El Centro de Ciudades Inteligentes (CCI) es un centro t\u00e9cnico dependiente de la Facultad de Ciencias Econ\u00f3micas de la UBA centrado en la investigaci\u00f3n, asistencia y transferencia t\u00e9cnica para fomentar, facilitar, apoyar y participar en la implementaci\u00f3n efectiva de iniciativas Smart Cities.\" \/>\n<meta name=\"robots\" content=\"noindex, follow, max-snippet:-1, max-image-preview:large, max-video-preview:-1\" \/>\n<meta property=\"og:locale\" content=\"es_ES\" \/>\n<meta property=\"og:type\" content=\"article\" \/>\n<meta property=\"og:title\" content=\"Ciudades Inteligentes\" \/>\n<meta property=\"og:description\" content=\"El Centro de Ciudades Inteligentes (CCI) es un centro t\u00e9cnico dependiente de la Facultad de Ciencias Econ\u00f3micas de la UBA centrado en la investigaci\u00f3n, asistencia y transferencia t\u00e9cnica para fomentar, facilitar, apoyar y participar en la implementaci\u00f3n efectiva de iniciativas Smart Cities.\" \/>\n<meta property=\"og:url\" content=\"https:\/\/www.economicas.uba.ar\/ciudadesinteligentes\/iv-congreso-internacional-ciudades-inteligentes\/\" \/>\n<meta property=\"og:site_name\" content=\"Ciudades Inteligentes\" \/>\n<meta property=\"article:published_time\" content=\"2025-05-05T14:58:00+00:00\" \/>\n<meta property=\"article:modified_time\" content=\"2025-08-22T19:23:42+00:00\" \/>\n<meta property=\"og:image\" content=\"https:\/\/www.economicas.uba.ar\/ciudadesinteligentes\/wp-content\/uploads\/flyer.jpeg\" \/>\n\t<meta property=\"og:image:width\" content=\"1600\" \/>\n\t<meta property=\"og:image:height\" content=\"900\" \/>\n\t<meta property=\"og:image:type\" content=\"image\/jpeg\" \/>\n<meta name=\"author\" content=\"Admin_CI\" \/>\n<meta name=\"twitter:card\" content=\"summary_large_image\" \/>\n<meta name=\"twitter:label1\" content=\"Escrito por\" \/>\n\t<meta name=\"twitter:data1\" content=\"Admin_CI\" \/>\n\t<meta name=\"twitter:label2\" content=\"Tiempo de lectura\" \/>\n\t<meta name=\"twitter:data2\" content=\"2 minutos\" \/>\n<script type=\"application\/ld+json\" class=\"yoast-schema-graph\">{\"@context\":\"https:\\\/\\\/schema.org\",\"@graph\":[{\"@type\":\"Article\",\"@id\":\"https:\\\/\\\/www.economicas.uba.ar\\\/ciudadesinteligentes\\\/iv-congreso-internacional-ciudades-inteligentes\\\/#article\",\"isPartOf\":{\"@id\":\"https:\\\/\\\/www.economicas.uba.ar\\\/ciudadesinteligentes\\\/iv-congreso-internacional-ciudades-inteligentes\\\/\"},\"author\":{\"name\":\"Admin_CI\",\"@id\":\"https:\\\/\\\/www.economicas.uba.ar\\\/ciudadesinteligentes\\\/#\\\/schema\\\/person\\\/a1a1f8b836f575c33e147ae5cf4f4930\"},\"headline\":\"IV CONGRESO INTERNACIONAL CIUDADES INTELIGENTES\",\"datePublished\":\"2025-05-05T14:58:00+00:00\",\"dateModified\":\"2025-08-22T19:23:42+00:00\",\"mainEntityOfPage\":{\"@id\":\"https:\\\/\\\/www.economicas.uba.ar\\\/ciudadesinteligentes\\\/iv-congreso-internacional-ciudades-inteligentes\\\/\"},\"wordCount\":313,\"publisher\":{\"@id\":\"https:\\\/\\\/www.economicas.uba.ar\\\/ciudadesinteligentes\\\/#organization\"},\"image\":{\"@id\":\"https:\\\/\\\/www.economicas.uba.ar\\\/ciudadesinteligentes\\\/iv-congreso-internacional-ciudades-inteligentes\\\/#primaryimage\"},\"thumbnailUrl\":\"https:\\\/\\\/www.economicas.uba.ar\\\/ciudadesinteligentes\\\/wp-content\\\/uploads\\\/flyer.jpeg\",\"articleSection\":[\"Noticias destacadas\"],\"inLanguage\":\"es-AR\"},{\"@type\":\"WebPage\",\"@id\":\"https:\\\/\\\/www.economicas.uba.ar\\\/ciudadesinteligentes\\\/iv-congreso-internacional-ciudades-inteligentes\\\/\",\"url\":\"https:\\\/\\\/www.economicas.uba.ar\\\/ciudadesinteligentes\\\/iv-congreso-internacional-ciudades-inteligentes\\\/\",\"name\":\"Ciudades Inteligentes\",\"isPartOf\":{\"@id\":\"https:\\\/\\\/www.economicas.uba.ar\\\/ciudadesinteligentes\\\/#website\"},\"primaryImageOfPage\":{\"@id\":\"https:\\\/\\\/www.economicas.uba.ar\\\/ciudadesinteligentes\\\/iv-congreso-internacional-ciudades-inteligentes\\\/#primaryimage\"},\"image\":{\"@id\":\"https:\\\/\\\/www.economicas.uba.ar\\\/ciudadesinteligentes\\\/iv-congreso-internacional-ciudades-inteligentes\\\/#primaryimage\"},\"thumbnailUrl\":\"https:\\\/\\\/www.economicas.uba.ar\\\/ciudadesinteligentes\\\/wp-content\\\/uploads\\\/flyer.jpeg\",\"datePublished\":\"2025-05-05T14:58:00+00:00\",\"dateModified\":\"2025-08-22T19:23:42+00:00\",\"description\":\"El Centro de Ciudades Inteligentes (CCI) es un centro t\u00e9cnico dependiente de la Facultad de Ciencias Econ\u00f3micas de la UBA centrado en la investigaci\u00f3n, asistencia y transferencia t\u00e9cnica para fomentar, facilitar, apoyar y participar en la implementaci\u00f3n efectiva de iniciativas Smart Cities.\",\"breadcrumb\":{\"@id\":\"https:\\\/\\\/www.economicas.uba.ar\\\/ciudadesinteligentes\\\/iv-congreso-internacional-ciudades-inteligentes\\\/#breadcrumb\"},\"inLanguage\":\"es-AR\",\"potentialAction\":[{\"@type\":\"ReadAction\",\"target\":[\"https:\\\/\\\/www.economicas.uba.ar\\\/ciudadesinteligentes\\\/iv-congreso-internacional-ciudades-inteligentes\\\/\"]}]},{\"@type\":\"ImageObject\",\"inLanguage\":\"es-AR\",\"@id\":\"https:\\\/\\\/www.economicas.uba.ar\\\/ciudadesinteligentes\\\/iv-congreso-internacional-ciudades-inteligentes\\\/#primaryimage\",\"url\":\"https:\\\/\\\/www.economicas.uba.ar\\\/ciudadesinteligentes\\\/wp-content\\\/uploads\\\/flyer.jpeg\",\"contentUrl\":\"https:\\\/\\\/www.economicas.uba.ar\\\/ciudadesinteligentes\\\/wp-content\\\/uploads\\\/flyer.jpeg\",\"width\":1600,\"height\":900},{\"@type\":\"BreadcrumbList\",\"@id\":\"https:\\\/\\\/www.economicas.uba.ar\\\/ciudadesinteligentes\\\/iv-congreso-internacional-ciudades-inteligentes\\\/#breadcrumb\",\"itemListElement\":[{\"@type\":\"ListItem\",\"position\":1,\"name\":\"Inicio\",\"item\":\"https:\\\/\\\/www.economicas.uba.ar\\\/ciudadesinteligentes\\\/\"},{\"@type\":\"ListItem\",\"position\":2,\"name\":\"IV CONGRESO INTERNACIONAL CIUDADES INTELIGENTES\"}]},{\"@type\":\"WebSite\",\"@id\":\"https:\\\/\\\/www.economicas.uba.ar\\\/ciudadesinteligentes\\\/#website\",\"url\":\"https:\\\/\\\/www.economicas.uba.ar\\\/ciudadesinteligentes\\\/\",\"name\":\"Ciudades Inteligentes\",\"description\":\"\",\"publisher\":{\"@id\":\"https:\\\/\\\/www.economicas.uba.ar\\\/ciudadesinteligentes\\\/#organization\"},\"potentialAction\":[{\"@type\":\"SearchAction\",\"target\":{\"@type\":\"EntryPoint\",\"urlTemplate\":\"https:\\\/\\\/www.economicas.uba.ar\\\/ciudadesinteligentes\\\/?s={search_term_string}\"},\"query-input\":{\"@type\":\"PropertyValueSpecification\",\"valueRequired\":true,\"valueName\":\"search_term_string\"}}],\"inLanguage\":\"es-AR\"},{\"@type\":\"Organization\",\"@id\":\"https:\\\/\\\/www.economicas.uba.ar\\\/ciudadesinteligentes\\\/#organization\",\"name\":\"Ciudades Inteligentes\",\"url\":\"https:\\\/\\\/www.economicas.uba.ar\\\/ciudadesinteligentes\\\/\",\"logo\":{\"@type\":\"ImageObject\",\"inLanguage\":\"es-AR\",\"@id\":\"https:\\\/\\\/www.economicas.uba.ar\\\/ciudadesinteligentes\\\/#\\\/schema\\\/logo\\\/image\\\/\",\"url\":\"https:\\\/\\\/www.economicas.uba.ar\\\/ciudadesinteligentes\\\/wp-content\\\/uploads\\\/logo-1-1.png\",\"contentUrl\":\"https:\\\/\\\/www.economicas.uba.ar\\\/ciudadesinteligentes\\\/wp-content\\\/uploads\\\/logo-1-1.png\",\"width\":350,\"height\":160,\"caption\":\"Ciudades Inteligentes\"},\"image\":{\"@id\":\"https:\\\/\\\/www.economicas.uba.ar\\\/ciudadesinteligentes\\\/#\\\/schema\\\/logo\\\/image\\\/\"}},{\"@type\":\"Person\",\"@id\":\"https:\\\/\\\/www.economicas.uba.ar\\\/ciudadesinteligentes\\\/#\\\/schema\\\/person\\\/a1a1f8b836f575c33e147ae5cf4f4930\",\"name\":\"Admin_CI\",\"image\":{\"@type\":\"ImageObject\",\"inLanguage\":\"es-AR\",\"@id\":\"https:\\\/\\\/secure.gravatar.com\\\/avatar\\\/0d062f72c6bb693647ceda929573680eb89f97fbbae4f781b603040700f7df2e?s=96&d=mm&r=g\",\"url\":\"https:\\\/\\\/secure.gravatar.com\\\/avatar\\\/0d062f72c6bb693647ceda929573680eb89f97fbbae4f781b603040700f7df2e?s=96&d=mm&r=g\",\"contentUrl\":\"https:\\\/\\\/secure.gravatar.com\\\/avatar\\\/0d062f72c6bb693647ceda929573680eb89f97fbbae4f781b603040700f7df2e?s=96&d=mm&r=g\",\"caption\":\"Admin_CI\"},\"url\":\"https:\\\/\\\/www.economicas.uba.ar\\\/ciudadesinteligentes\\\/author\\\/admin_ci\\\/\"}]}<\/script>\n<!-- \/ Yoast SEO plugin. -->","yoast_head_json":{"title":"Ciudades Inteligentes","description":"El Centro de Ciudades Inteligentes (CCI) es un centro t\u00e9cnico dependiente de la Facultad de Ciencias Econ\u00f3micas de la UBA centrado en la investigaci\u00f3n, asistencia y transferencia t\u00e9cnica para fomentar, facilitar, apoyar y participar en la implementaci\u00f3n efectiva de iniciativas Smart Cities.","robots":{"index":"noindex","follow":"follow","max-snippet":"max-snippet:-1","max-image-preview":"max-image-preview:large","max-video-preview":"max-video-preview:-1"},"og_locale":"es_ES","og_type":"article","og_title":"Ciudades Inteligentes","og_description":"El Centro de Ciudades Inteligentes (CCI) es un centro t\u00e9cnico dependiente de la Facultad de Ciencias Econ\u00f3micas de la UBA centrado en la investigaci\u00f3n, asistencia y transferencia t\u00e9cnica para fomentar, facilitar, apoyar y participar en la implementaci\u00f3n efectiva de iniciativas Smart Cities.","og_url":"https:\/\/www.economicas.uba.ar\/ciudadesinteligentes\/iv-congreso-internacional-ciudades-inteligentes\/","og_site_name":"Ciudades Inteligentes","article_published_time":"2025-05-05T14:58:00+00:00","article_modified_time":"2025-08-22T19:23:42+00:00","og_image":[{"width":1600,"height":900,"url":"https:\/\/www.economicas.uba.ar\/ciudadesinteligentes\/wp-content\/uploads\/flyer.jpeg","type":"image\/jpeg"}],"author":"Admin_CI","twitter_card":"summary_large_image","twitter_misc":{"Escrito por":"Admin_CI","Tiempo de lectura":"2 minutos"},"schema":{"@context":"https:\/\/schema.org","@graph":[{"@type":"Article","@id":"https:\/\/www.economicas.uba.ar\/ciudadesinteligentes\/iv-congreso-internacional-ciudades-inteligentes\/#article","isPartOf":{"@id":"https:\/\/www.economicas.uba.ar\/ciudadesinteligentes\/iv-congreso-internacional-ciudades-inteligentes\/"},"author":{"name":"Admin_CI","@id":"https:\/\/www.economicas.uba.ar\/ciudadesinteligentes\/#\/schema\/person\/a1a1f8b836f575c33e147ae5cf4f4930"},"headline":"IV CONGRESO INTERNACIONAL CIUDADES INTELIGENTES","datePublished":"2025-05-05T14:58:00+00:00","dateModified":"2025-08-22T19:23:42+00:00","mainEntityOfPage":{"@id":"https:\/\/www.economicas.uba.ar\/ciudadesinteligentes\/iv-congreso-internacional-ciudades-inteligentes\/"},"wordCount":313,"publisher":{"@id":"https:\/\/www.economicas.uba.ar\/ciudadesinteligentes\/#organization"},"image":{"@id":"https:\/\/www.economicas.uba.ar\/ciudadesinteligentes\/iv-congreso-internacional-ciudades-inteligentes\/#primaryimage"},"thumbnailUrl":"https:\/\/www.economicas.uba.ar\/ciudadesinteligentes\/wp-content\/uploads\/flyer.jpeg","articleSection":["Noticias destacadas"],"inLanguage":"es-AR"},{"@type":"WebPage","@id":"https:\/\/www.economicas.uba.ar\/ciudadesinteligentes\/iv-congreso-internacional-ciudades-inteligentes\/","url":"https:\/\/www.economicas.uba.ar\/ciudadesinteligentes\/iv-congreso-internacional-ciudades-inteligentes\/","name":"Ciudades Inteligentes","isPartOf":{"@id":"https:\/\/www.economicas.uba.ar\/ciudadesinteligentes\/#website"},"primaryImageOfPage":{"@id":"https:\/\/www.economicas.uba.ar\/ciudadesinteligentes\/iv-congreso-internacional-ciudades-inteligentes\/#primaryimage"},"image":{"@id":"https:\/\/www.economicas.uba.ar\/ciudadesinteligentes\/iv-congreso-internacional-ciudades-inteligentes\/#primaryimage"},"thumbnailUrl":"https:\/\/www.economicas.uba.ar\/ciudadesinteligentes\/wp-content\/uploads\/flyer.jpeg","datePublished":"2025-05-05T14:58:00+00:00","dateModified":"2025-08-22T19:23:42+00:00","description":"El Centro de Ciudades Inteligentes (CCI) es un centro t\u00e9cnico dependiente de la Facultad de Ciencias Econ\u00f3micas de la UBA centrado en la investigaci\u00f3n, asistencia y transferencia t\u00e9cnica para fomentar, facilitar, apoyar y participar en la implementaci\u00f3n efectiva de iniciativas Smart Cities.","breadcrumb":{"@id":"https:\/\/www.economicas.uba.ar\/ciudadesinteligentes\/iv-congreso-internacional-ciudades-inteligentes\/#breadcrumb"},"inLanguage":"es-AR","potentialAction":[{"@type":"ReadAction","target":["https:\/\/www.economicas.uba.ar\/ciudadesinteligentes\/iv-congreso-internacional-ciudades-inteligentes\/"]}]},{"@type":"ImageObject","inLanguage":"es-AR","@id":"https:\/\/www.economicas.uba.ar\/ciudadesinteligentes\/iv-congreso-internacional-ciudades-inteligentes\/#primaryimage","url":"https:\/\/www.economicas.uba.ar\/ciudadesinteligentes\/wp-content\/uploads\/flyer.jpeg","contentUrl":"https:\/\/www.economicas.uba.ar\/ciudadesinteligentes\/wp-content\/uploads\/flyer.jpeg","width":1600,"height":900},{"@type":"BreadcrumbList","@id":"https:\/\/www.economicas.uba.ar\/ciudadesinteligentes\/iv-congreso-internacional-ciudades-inteligentes\/#breadcrumb","itemListElement":[{"@type":"ListItem","position":1,"name":"Inicio","item":"https:\/\/www.economicas.uba.ar\/ciudadesinteligentes\/"},{"@type":"ListItem","position":2,"name":"IV CONGRESO INTERNACIONAL CIUDADES INTELIGENTES"}]},{"@type":"WebSite","@id":"https:\/\/www.economicas.uba.ar\/ciudadesinteligentes\/#website","url":"https:\/\/www.economicas.uba.ar\/ciudadesinteligentes\/","name":"Ciudades Inteligentes","description":"","publisher":{"@id":"https:\/\/www.economicas.uba.ar\/ciudadesinteligentes\/#organization"},"potentialAction":[{"@type":"SearchAction","target":{"@type":"EntryPoint","urlTemplate":"https:\/\/www.economicas.uba.ar\/ciudadesinteligentes\/?s={search_term_string}"},"query-input":{"@type":"PropertyValueSpecification","valueRequired":true,"valueName":"search_term_string"}}],"inLanguage":"es-AR"},{"@type":"Organization","@id":"https:\/\/www.economicas.uba.ar\/ciudadesinteligentes\/#organization","name":"Ciudades Inteligentes","url":"https:\/\/www.economicas.uba.ar\/ciudadesinteligentes\/","logo":{"@type":"ImageObject","inLanguage":"es-AR","@id":"https:\/\/www.economicas.uba.ar\/ciudadesinteligentes\/#\/schema\/logo\/image\/","url":"https:\/\/www.economicas.uba.ar\/ciudadesinteligentes\/wp-content\/uploads\/logo-1-1.png","contentUrl":"https:\/\/www.economicas.uba.ar\/ciudadesinteligentes\/wp-content\/uploads\/logo-1-1.png","width":350,"height":160,"caption":"Ciudades Inteligentes"},"image":{"@id":"https:\/\/www.economicas.uba.ar\/ciudadesinteligentes\/#\/schema\/logo\/image\/"}},{"@type":"Person","@id":"https:\/\/www.economicas.uba.ar\/ciudadesinteligentes\/#\/schema\/person\/a1a1f8b836f575c33e147ae5cf4f4930","name":"Admin_CI","image":{"@type":"ImageObject","inLanguage":"es-AR","@id":"https:\/\/secure.gravatar.com\/avatar\/0d062f72c6bb693647ceda929573680eb89f97fbbae4f781b603040700f7df2e?s=96&d=mm&r=g","url":"https:\/\/secure.gravatar.com\/avatar\/0d062f72c6bb693647ceda929573680eb89f97fbbae4f781b603040700f7df2e?s=96&d=mm&r=g","contentUrl":"https:\/\/secure.gravatar.com\/avatar\/0d062f72c6bb693647ceda929573680eb89f97fbbae4f781b603040700f7df2e?s=96&d=mm&r=g","caption":"Admin_CI"},"url":"https:\/\/www.economicas.uba.ar\/ciudadesinteligentes\/author\/admin_ci\/"}]}},"_links":{"self":[{"href":"https:\/\/www.economicas.uba.ar\/ciudadesinteligentes\/wp-json\/wp\/v2\/posts\/1767","targetHints":{"allow":["GET"]}}],"collection":[{"href":"https:\/\/www.economicas.uba.ar\/ciudadesinteligentes\/wp-json\/wp\/v2\/posts"}],"about":[{"href":"https:\/\/www.economicas.uba.ar\/ciudadesinteligentes\/wp-json\/wp\/v2\/types\/post"}],"author":[{"embeddable":true,"href":"https:\/\/www.economicas.uba.ar\/ciudadesinteligentes\/wp-json\/wp\/v2\/users\/9"}],"replies":[{"embeddable":true,"href":"https:\/\/www.economicas.uba.ar\/ciudadesinteligentes\/wp-json\/wp\/v2\/comments?post=1767"}],"version-history":[{"count":10,"href":"https:\/\/www.economicas.uba.ar\/ciudadesinteligentes\/wp-json\/wp\/v2\/posts\/1767\/revisions"}],"predecessor-version":[{"id":1972,"href":"https:\/\/www.economicas.uba.ar\/ciudadesinteligentes\/wp-json\/wp\/v2\/posts\/1767\/revisions\/1972"}],"wp:featuredmedia":[{"embeddable":true,"href":"https:\/\/www.economicas.uba.ar\/ciudadesinteligentes\/wp-json\/wp\/v2\/media\/1951"}],"wp:attachment":[{"href":"https:\/\/www.economicas.uba.ar\/ciudadesinteligentes\/wp-json\/wp\/v2\/media?parent=1767"}],"wp:term":[{"taxonomy":"category","embeddable":true,"href":"https:\/\/www.economicas.uba.ar\/ciudadesinteligentes\/wp-json\/wp\/v2\/categories?post=1767"},{"taxonomy":"post_tag","embeddable":true,"href":"https:\/\/www.economicas.uba.ar\/ciudadesinteligentes\/wp-json\/wp\/v2\/tags?post=1767"}],"curies":[{"name":"wp","href":"https:\/\/api.w.org\/{rel}","templated":true}]}}