{"id":13620,"date":"2014-12-01T01:01:00","date_gmt":"2014-12-01T04:01:00","guid":{"rendered":"https:\/\/www.economicas.uba.ar\/extension\/vocesenelfenix\/?p=13620"},"modified":"2024-02-07T11:29:03","modified_gmt":"2024-02-07T14:29:03","slug":"prefacio-5","status":"publish","type":"post","link":"https:\/\/www.economicas.uba.ar\/extension\/vocesenelfenix\/prefacio-5\/","title":{"rendered":"Prefacio"},"content":{"rendered":"\t\t<div data-elementor-type=\"wp-post\" data-elementor-id=\"13620\" class=\"elementor elementor-13620\" data-elementor-post-type=\"post\">\n\t\t\t\t\t\t<section class=\"elementor-section elementor-top-section elementor-element elementor-element-98661e4 elementor-section-boxed elementor-section-height-default elementor-section-height-default\" data-id=\"98661e4\" data-element_type=\"section\" data-e-type=\"section\">\n\t\t\t\t\t\t<div class=\"elementor-container elementor-column-gap-default\">\n\t\t\t\t\t<div class=\"elementor-column elementor-col-100 elementor-top-column elementor-element elementor-element-5a109b5\" data-id=\"5a109b5\" data-element_type=\"column\" data-e-type=\"column\">\n\t\t\t<div class=\"elementor-widget-wrap elementor-element-populated\">\n\t\t\t\t\t\t<div class=\"elementor-element elementor-element-7d6f757 elementor-widget elementor-widget-text-editor\" data-id=\"7d6f757\" data-element_type=\"widget\" data-e-type=\"widget\" data-widget_type=\"text-editor.default\">\n\t\t\t\t<div class=\"elementor-widget-container\">\n\t\t\t\t\t\t\t\t\t<p style=\"text-align: right;\"><a href=\"#autorxs\"><em>| Por Horacio Barri |<\/em><\/a><\/p><p>Este n\u00famero de <em>Voces en el F\u00e9nix<\/em> es, como los anteriores, un compromiso con la vida, que es, como dijo un hombre sabio, nada m\u00e1s ni nada menos, lo \u00fanico que tenemos.<\/p><p>Todos los autores integran y expresan distintos lugares de la trinchera de este defender la continuidad de la misma para todos, hoy amenazada muy seriamente, y act\u00faan, como corresponde para afianzarla, en una forma entrelazada de reflexi\u00f3n\/acci\u00f3n, potenci\u00e1ndose mutuamente.<\/p><p>Y son amigos, aunque algunos ni se conocen personalmente, porque como dec\u00eda Baruch Spinoza, no hay amistad m\u00e1s fuerte que la de los que comparten el amor por la verdad. Y estos autores lo afirman en el d\u00eda a d\u00eda y con los otros, practicando en esa b\u00fasqueda las pasiones alegres, que no es poco.<\/p><p>Y estas reflexiones en voz alta pretenden entender la complejidad de la trama en la que se apoyan las actitudes opuestas, las de la enfermedad como negocio, sustentada en las pasiones tristes. Basta para eso ver y comprender lo que pasa dentro de la olla, cuando todos los que reflexionan aqu\u00ed levantan la tapa para ustedes.<\/p><p>Se persigue no s\u00f3lo la comprensi\u00f3n sino tambi\u00e9n la generaci\u00f3n de actitudes que logren cambiar la situaci\u00f3n en momentos tan cr\u00edticos como los actuales, donde la naturaleza comienza a mostrar grandes se\u00f1ales de alerta ante la agresi\u00f3n de los grupos de poder humanos, que ponen en peligro la vida del planeta, la madre tierra, el hogar com\u00fan, y entonces comprometen a cada uno de nosotros y de nuestros descendientes.<\/p><p>Poco antes de morir, Floreal Ferrara me cont\u00f3 ese encuentro circunstancial, pero visto a la distancia muy significativo, con Ram\u00f3n Carrillo, alrededor de 1950:<\/p><p><em>\u201cYo estaba de visita en casa de un amigo enfermo en La Plata, reci\u00e9n recibido de m\u00e9dico, tendr\u00eda 24 o 25 a\u00f1os, y en el medio de esa visita tocan el timbre: era el ministro de Salud de la Naci\u00f3n que ven\u00eda a visitar a su amigo enfermo. Mi amigo me present\u00f3 y ellos se pusieron a charlar animadamente; yo permanec\u00eda callado, como correspond\u00eda. En eso el ministro se da vuelta y me dice:<\/em><br \/><em>\u2013\u00bfUsted qu\u00e9 opina: la salud es una cuesti\u00f3n fundamentalmente del Estado o de la comunidad?<\/em><br \/><em>Yo me qued\u00e9 desconcertado, porque sent\u00ed como que el ministro me tomaba examen, y permanec\u00ed callado, entonces me reitera con una sonrisa:<\/em><br \/><em>\u2013Usted es un m\u00e9dico reci\u00e9n recibido y quiero conocer c\u00f3mo piensan los j\u00f3venes al respecto.<\/em><br \/><em>Le contest\u00e9 la verdad sobre mis sentimientos y le dije:<\/em><br \/><em>\u2013A m\u00ed me parece que a los dos.<\/em><br \/><em>\u00c9l me contest\u00f3:<\/em><br \/><em>\u2013Yo pienso igual, y me parece que le he dado casi toda mi tarea s\u00f3lo a incrementar el rol del Estado y en eso me equivoqu\u00e9\u201d.<\/em><\/p><p>Yo en ese momento estaba m\u00e1s preocupado por tratar de medir la magnitud de su padecimiento, no me pod\u00eda convencer de que estuviera grave alguien de esa vitalidad constante, ese \u00edmpetu arrollador, esa pasi\u00f3n desbordante que eran sus caracter\u00edsticas permanentes, y no me puse a profundizar el an\u00e1lisis de ese intercambio. Lo har\u00eda despu\u00e9s y tiene que ver con el art\u00edculo que escrib\u00ed en estas p\u00e1ginas. Pero s\u00ed quiero usarlo ahora para comentar c\u00f3mo se expresa, en este armado de autores y temas, lo que a la larga me signific\u00f3 ese simple di\u00e1logo.<\/p><p>Lo que entend\u00ed con el tiempo es que se refer\u00edan ambos a los dos aspectos contradictorios, pero no necesariamente antag\u00f3nicos, en que se desenvuelven los \u00e1mbitos de la gesti\u00f3n y de la pol\u00edtica, donde se desarrollan lo legal y lo leg\u00edtimo, que desarrollo en \u201cSalud leg\u00edtima\u201d.<\/p><p>Y puesto a coordinar este n\u00famero con esas perspectivas, paso a la presentaci\u00f3n de los autores que conforman esta publicaci\u00f3n.<\/p><p>Gianni Tognoni nos interpela con la definici\u00f3n tan fuerte de considerar a \u201clas muertes y enfermedades como expresi\u00f3n moderna de genocidio\u201d y preguntarnos: \u201cLas muertes\/enfermedades que tocan a la mayor\u00eda del mundo son amplia y f\u00e1cilmente evitables\u2026 Si a\u00f1o tras a\u00f1o esta no-evitabilidad se vuelve realidad una y otra vez, es l\u00edcito\/obligatorio preguntarse sobre responsabilidades\u201d.<\/p><p>Howard Waitzkin est\u00e1 trabajando \u2013como dec\u00eda Jos\u00e9 Mart\u00ed\u2013 desde el monstruo y mostrando sus entra\u00f1as, tarea que culmina en \u201cLa salud al final del imperio\u201d, libro presentado en el reciente Congreso de ALAMES y del que nos env\u00eda el primer cap\u00edtulo, a fin de ir generando un ida y vuelta entre compa\u00f1eros de all\u00ed y de ac\u00e1. Porque si bien las grietas en el imperio son cada vez m\u00e1s evidentes, los cambios \u2013por su complejidad y segura violencia\u2013 son necesarios de prever conjuntamente.<\/p><p>Jos\u00e9 Carlos Escudero y Florencia Cendali\/Graciela Cohen coinciden, desde \u00e1ngulos diferentes, en describir el uno los condicionantes estructurales de la salud (desde los de la biosfera, pasando por los supranacionales, los hist\u00f3ricos, los del sistema socioecon\u00f3mico en que estamos insertos, hasta los nacionales) y las otras en c\u00f3mo incidieron las pol\u00edticas p\u00fablicas del \u00faltimo decenio en la salud colectiva y la justicia social. Y coinciden tambi\u00e9n en la justeza, profundidad y pasi\u00f3n que ponen en sus empe\u00f1os.<\/p><p>Producto de una \u201czapada\u201d que hicieron en C\u00f3rdoba hace pocos meses, H\u00e9ctor Seia y Osvaldo Said\u00f3n, ante un p\u00fablico muy diverso, desde promotores de salud del norte rural y pobre de la provincia hasta profesionales de la salud que realizan juntos un seminario permanente de Epidemiolog\u00eda Comunitaria, surgi\u00f3 este \u201cSalud mental es pol\u00edtica. Pol\u00edticas de salud mental\u201d, donde la salud mental rompe con el \u00e1mbito espec\u00edfico de especialidad acad\u00e9mica y se inserta en la vida cotidiana.<\/p><p>Tambi\u00e9n producto de un panel en la Universidad Nacional de C\u00f3rdoba, Miryam Gorban y Fernando Barri coinciden en sus miradas, desde observatorios cient\u00edficos diferentes \u2013la Nutrici\u00f3n y la Biolog\u00eda\u2013, en que salud, ambiente y soberan\u00eda alimentaria son cuestiones inseparables. Ambos se relacionan con lo que dec\u00eda Jean Ziegler hace a\u00f1os desde ONU: \u201cLa especulaci\u00f3n sobre los alimentos b\u00e1sicos, aunque sea legal, es un crimen contra la humanidad, que los pa\u00edses democr\u00e1ticos deben impedir\u201d (hace pocos d\u00edas, encargado por Naciones Unidas de juzgar las propuestas de los fondos buitre, las calific\u00f3 de genocidas&#8230;).<\/p><p>El tr\u00edo siguiente demuestra que se pueden correr los l\u00edmites de las gestiones para ponerlos al servicio de las comunidades, o sea, desde lo legal acercarse a lo leg\u00edtimo. Ellos son Javier Mignone y John Harold G\u00f3mez Vargas, que analizan el uso contrahegem\u00f3nico de aspectos o elementos hegem\u00f3nicos, como es la gerenciadora de una etnia ind\u00edgena de Colombia, la Anas Wayuu, a la que le bast\u00f3 ser fiel a su pueblo, dando provisi\u00f3n de servicios de salud efectivos, eficientes y culturalmente aceptados, prevenci\u00f3n de enfermedades y promoci\u00f3n de la salud a nivel comunitario, respetando las culturas tradicionales.<\/p><p>Paco Canelo y Anal\u00eda Sampaoli muestran desde su trabajo en el PAMI Regional C\u00f3rdoba que similares resultados se logran en el interior rural y pobre del norte cordob\u00e9s, y en la ciudad capital, con la estrategia de la Epidemiolog\u00eda Comunitaria, donde la participaci\u00f3n popular en la toma de decisiones \u2013no s\u00f3lo en las acciones\u2013 posibilita que el protagonismo solidario sea lo esencial y donde los \u201cnadies\u201d aparecen con sus nombres y apellidos, don Polo Herrera, do\u00f1a Clarita Aguirre, do\u00f1a Cleta Segovia, don Tito de De\u00e1n Funes, Do\u00f1a Palmira de B\u00ba Comercial y otros, recuperando la dignidad perdida, en este \u201ccamino de las comunidades\u201d.<\/p><p>Daniel Gollan es la buena noticia del a\u00f1o en el Ministerio de Salud de la Naci\u00f3n, y desde que asumi\u00f3 lleva a lo ancho y largo del pa\u00eds una propuesta, compleja y extensa, de la que extrajimos y publicamos algunos aspectos fundamentales, con el objetivo no de instalarla como verdad sino de ser discutida, analizada, modificada, para as\u00ed ser parte de un protagonismo solidario y transformador. El planteo es que si se comparte este crear juntos la propuesta, no interesa la \u201ccamiseta\u201d que se tenga, sino ponerse a trabajar juntos.<\/p><p>Giglio Prado, m\u00e9dico y docente de la Facultad de Medicina de la Universidad de La Matanza, nos acerca un sentido an\u00e1lisis sobre la Asociaci\u00f3n Latinoamericana de Medicina Social (ALAMES), con el derecho de haberse constituido en uno de los impulsores m\u00e1s fervientes de esta importante instituci\u00f3n latinoamericana y nos aporta adem\u00e1s la declaraci\u00f3n final del XIII Congreso de ALAMES, realizado hace pocos d\u00edas en El Salvador al cumplirse los 30 a\u00f1os de su fundaci\u00f3n.<\/p><p>Casi para el cierre llega otro gran amigo, Mario R\u00f3vere, que suma la dimensi\u00f3n regional a esta propuesta, nos habla de soberan\u00eda y nos introduce en la disputa entre Estados y empresas farmac\u00e9uticas como parte central del acceso real al derecho a la salud de las grandes mayor\u00edas.<\/p><p>Finalmente, y para retomar las primeras reflexiones, intento acercarme a la discusi\u00f3n planteada recientemente en la Argentina en torno a la Justicia \u2013legal o leg\u00edtima\u2013 para extenderla al campo de la salud y pensar en sus alcances e implicancias.<\/p><p>Para el cierre dejamos como postre un espacio especial para El Troesma. Don Mario Testa lo presenta y s\u00f3lo se puede decir que tiene todos los sabores del mundo, por lo que recomiendo saborearlo con tiempo y dedicaci\u00f3n.<\/p>\t\t\t\t\t\t\t\t<\/div>\n\t\t\t\t<\/div>\n\t\t\t\t\t<\/div>\n\t\t<\/div>\n\t\t\t\t\t<\/div>\n\t\t<\/section>\n\t\t\t\t<section class=\"elementor-section elementor-top-section elementor-element elementor-element-1a46e9a elementor-section-boxed elementor-section-height-default elementor-section-height-default\" data-id=\"1a46e9a\" data-element_type=\"section\" data-e-type=\"section\">\n\t\t\t\t\t\t<div class=\"elementor-container elementor-column-gap-default\">\n\t\t\t\t\t<div class=\"elementor-column elementor-col-100 elementor-top-column elementor-element elementor-element-310809a\" data-id=\"310809a\" data-element_type=\"column\" data-e-type=\"column\">\n\t\t\t<div class=\"elementor-widget-wrap elementor-element-populated\">\n\t\t\t\t\t\t<div class=\"elementor-element elementor-element-f9b0617 elementor-widget elementor-widget-html\" data-id=\"f9b0617\" data-element_type=\"widget\" data-e-type=\"widget\" data-widget_type=\"html.default\">\n\t\t\t\t<div class=\"elementor-widget-container\">\n\t\t\t\t\t<!-- AddToAny BEGIN -->\r\n<div class=\"a2a_kit a2a_kit_size_32 a2a_default_style\">\r\n<a class=\"a2a_dd\" href=\"https:\/\/www.addtoany.com\/share\"><\/a>\r\n<a class=\"a2a_button_x\"><\/a>\r\n<a class=\"a2a_button_facebook\"><\/a>\r\n<a class=\"a2a_button_whatsapp\"><\/a>\r\n<a class=\"a2a_button_telegram\"><\/a>\r\n<a class=\"a2a_button_google_gmail\"><\/a>\r\n<a class=\"a2a_button_printfriendly\"><\/a>\r\n<\/div>\r\n<script async src=\"https:\/\/static.addtoany.com\/menu\/page.js\"><\/script>\r\n<!-- AddToAny END -->\t\t\t\t<\/div>\n\t\t\t\t<\/div>\n\t\t\t\t\t<\/div>\n\t\t<\/div>\n\t\t\t\t\t<\/div>\n\t\t<\/section>\n\t\t\t\t<section class=\"elementor-section elementor-top-section elementor-element elementor-element-175716a elementor-section-boxed elementor-section-height-default elementor-section-height-default\" data-id=\"175716a\" data-element_type=\"section\" data-e-type=\"section\" id=\"autorxs\" data-settings=\"{&quot;background_background&quot;:&quot;classic&quot;}\">\n\t\t\t\t\t\t<div class=\"elementor-container elementor-column-gap-default\">\n\t\t\t\t\t<div class=\"elementor-column elementor-col-100 elementor-top-column elementor-element elementor-element-b17b595\" data-id=\"b17b595\" data-element_type=\"column\" data-e-type=\"column\">\n\t\t\t<div class=\"elementor-widget-wrap elementor-element-populated\">\n\t\t\t\t\t\t<div class=\"elementor-element elementor-element-5495817 elementor-widget elementor-widget-text-editor\" data-id=\"5495817\" data-element_type=\"widget\" data-e-type=\"widget\" data-widget_type=\"text-editor.default\">\n\t\t\t\t<div class=\"elementor-widget-container\">\n\t\t\t\t\t\t\t\t\t<h6>Autorxs<\/h6><p><strong><br \/>Horacio Barri:<\/strong><br \/>M\u00e9dico sanitarista. Presidente del Movimiento por un Sistema Integral de Salud (MOSIS). Exsecretario de Salud de la Municipalidad de C\u00f3rdoba. Docente de la Universidad Nacional de C\u00f3rdoba.<\/p>\t\t\t\t\t\t\t\t<\/div>\n\t\t\t\t<\/div>\n\t\t\t\t\t<\/div>\n\t\t<\/div>\n\t\t\t\t\t<\/div>\n\t\t<\/section>\n\t\t\t\t<\/div>\n\t\t","protected":false},"excerpt":{"rendered":"<p>| Por Horacio Barri | <\/p>\n","protected":false},"author":5,"featured_media":13621,"comment_status":"closed","ping_status":"closed","sticky":false,"template":"","format":"standard","meta":{"footnotes":""},"categories":[1920],"tags":[599,1672,189],"class_list":["post-13620","post","type-post","status-publish","format-standard","has-post-thumbnail","hentry","category-n-41","tag-horacio-barri","tag-prefacio","tag-salud"],"_links":{"self":[{"href":"https:\/\/www.economicas.uba.ar\/extension\/vocesenelfenix\/wp-json\/wp\/v2\/posts\/13620","targetHints":{"allow":["GET"]}}],"collection":[{"href":"https:\/\/www.economicas.uba.ar\/extension\/vocesenelfenix\/wp-json\/wp\/v2\/posts"}],"about":[{"href":"https:\/\/www.economicas.uba.ar\/extension\/vocesenelfenix\/wp-json\/wp\/v2\/types\/post"}],"author":[{"embeddable":true,"href":"https:\/\/www.economicas.uba.ar\/extension\/vocesenelfenix\/wp-json\/wp\/v2\/users\/5"}],"replies":[{"embeddable":true,"href":"https:\/\/www.economicas.uba.ar\/extension\/vocesenelfenix\/wp-json\/wp\/v2\/comments?post=13620"}],"version-history":[{"count":8,"href":"https:\/\/www.economicas.uba.ar\/extension\/vocesenelfenix\/wp-json\/wp\/v2\/posts\/13620\/revisions"}],"predecessor-version":[{"id":27422,"href":"https:\/\/www.economicas.uba.ar\/extension\/vocesenelfenix\/wp-json\/wp\/v2\/posts\/13620\/revisions\/27422"}],"wp:featuredmedia":[{"embeddable":true,"href":"https:\/\/www.economicas.uba.ar\/extension\/vocesenelfenix\/wp-json\/wp\/v2\/media\/13621"}],"wp:attachment":[{"href":"https:\/\/www.economicas.uba.ar\/extension\/vocesenelfenix\/wp-json\/wp\/v2\/media?parent=13620"}],"wp:term":[{"taxonomy":"category","embeddable":true,"href":"https:\/\/www.economicas.uba.ar\/extension\/vocesenelfenix\/wp-json\/wp\/v2\/categories?post=13620"},{"taxonomy":"post_tag","embeddable":true,"href":"https:\/\/www.economicas.uba.ar\/extension\/vocesenelfenix\/wp-json\/wp\/v2\/tags?post=13620"}],"curies":[{"name":"wp","href":"https:\/\/api.w.org\/{rel}","templated":true}]}}