{"id":15407,"date":"2013-12-01T00:01:00","date_gmt":"2013-12-01T03:01:00","guid":{"rendered":"https:\/\/www.economicas.uba.ar\/extension\/vocesenelfenix\/?p=15407"},"modified":"2024-02-28T14:47:25","modified_gmt":"2024-02-28T17:47:25","slug":"editorial-30-anos","status":"publish","type":"post","link":"https:\/\/www.economicas.uba.ar\/extension\/vocesenelfenix\/editorial-30-anos\/","title":{"rendered":"Editorial: 30 a\u00f1os"},"content":{"rendered":"\t\t<div data-elementor-type=\"wp-post\" data-elementor-id=\"15407\" class=\"elementor elementor-15407\" data-elementor-post-type=\"post\">\n\t\t\t\t\t\t<section class=\"elementor-section elementor-top-section elementor-element elementor-element-747ef13 elementor-section-boxed elementor-section-height-default elementor-section-height-default\" data-id=\"747ef13\" data-element_type=\"section\" data-e-type=\"section\">\n\t\t\t\t\t\t<div class=\"elementor-container elementor-column-gap-default\">\n\t\t\t\t\t<div class=\"elementor-column elementor-col-100 elementor-top-column elementor-element elementor-element-4223c13\" data-id=\"4223c13\" data-element_type=\"column\" data-e-type=\"column\">\n\t\t\t<div class=\"elementor-widget-wrap elementor-element-populated\">\n\t\t\t\t\t\t<div class=\"elementor-element elementor-element-a632112 elementor-widget elementor-widget-text-editor\" data-id=\"a632112\" data-element_type=\"widget\" data-e-type=\"widget\" data-widget_type=\"text-editor.default\">\n\t\t\t\t<div class=\"elementor-widget-container\">\n\t\t\t\t\t\t\t\t\t<p style=\"text-align: right;\"><a href=\"#autorxs\"><em>| Por Abraham Leonardo Gak |<\/em><\/a><\/p><p>A lo largo de su historia, la Argentina sufri\u00f3 reiteradas interrupciones y violaciones al orden constitucional. Sin lugar a dudas, la m\u00e1s violenta de estas fue la llevada a cabo por el autodenominado \u201cProceso de Reorganizaci\u00f3n Nacional\u201d, iniciado el 24 de marzo de 1976. Esta experiencia, la m\u00e1s grave y cruel de las que se tenga registro en nuestro pa\u00eds, dur\u00f3 m\u00e1s de siete oscuros a\u00f1os, llegando a su fin el 10 de diciembre de 1983. Ese d\u00eda, un gobierno militar ileg\u00edtimo, asfixiado por presiones internacionales, movilizaciones internas, y con el fantasma de la derrota de la guerra de Malvinas a cuestas, dio paso a un gobierno constitucional, elegido por la mayor\u00eda del pueblo, que asum\u00eda con la firme convicci\u00f3n de iniciar la reconstrucci\u00f3n del sistema pol\u00edtico, econ\u00f3mico y social que hab\u00eda sido devastado por un r\u00e9gimen represor, violador de los derechos colectivos e individuales y aliado de los intereses internacionales.<\/p><p>Este 10 de diciembre de 2013 se cumplen entonces 30 a\u00f1os de vida democr\u00e1tica ininterrumpida, con vaivenes, s\u00ed, con momentos de avances y otros de retrocesos, con crisis profundas, abismos y resurgimientos. Se cumplen tres d\u00e9cadas del d\u00eda en que la Argentina se convirti\u00f3 en el primero de los pa\u00edses del Cono Sur de nuestra Am\u00e9rica en restablecer el sistema democr\u00e1tico de gobierno y en empezar a recorrer el camino de la recuperaci\u00f3n de derechos y garant\u00edas para su pueblo.<\/p><p>La historia le asign\u00f3 esta tarea a un l\u00edder popular con experiencia y valent\u00eda, Ra\u00fal Alfons\u00edn, quien fij\u00f3 la prioridad de su gesti\u00f3n en la recuperaci\u00f3n del estado de derecho.<\/p><p>Las condiciones eran dif\u00edciles. Transcurr\u00edan los \u00faltimos a\u00f1os de la Guerra Fr\u00eda, y la incipiente hegemon\u00eda pol\u00edtica y econ\u00f3mica de Estados Unidos se hac\u00eda sentir. Ante el desprestigio de las dictaduras de la regi\u00f3n, la potencia del norte del continente auspici\u00f3 el surgimiento de los reg\u00edmenes democr\u00e1ticos, pero bajo el modelo de \u201cdemocracias controladas\u201d, tuteladas principalmente por la acci\u00f3n de los organismos financieros internacionales, los cuales a trav\u00e9s del endeudamiento se convirtieron en una poderosa herramienta de chantaje para los d\u00e9biles gobiernos surgidos del voto popular.<\/p><p>A pesar de que la deuda externa contra\u00edda moderaba fuertemente toda libertad de acci\u00f3n, el gobierno del Dr. Alfons\u00edn inici\u00f3 acciones destinadas a mejorar la distribuci\u00f3n del ingreso y alcanzar mayores niveles de autonom\u00eda. Asimismo, tuvo el coraje de enjuiciar a la c\u00fapula militar responsable de las muertes, torturas y desapariciones de m\u00e1s de 30.000 compatriotas durante los a\u00f1os del terror. Tanta osad\u00eda deb\u00eda ser castigada y efectivamente as\u00ed lo fue. Tras un proceso desestabilizador caracterizado por una hiperinflaci\u00f3n y una fuerte crisis institucional, el primer presidente de la nueva democracia se vio obligado a adelantar el proceso electoral y entregar anticipadamente el poder a su sucesor.<\/p><p>As\u00ed se inicia un per\u00edodo prolongado (12 a\u00f1os contando los dos gobiernos de Menem y el per\u00edodo de De la R\u00faa) de sumisi\u00f3n irrestricta a los mandatos depredadores de los organismos internacionales, en el que se consolida el programa pol\u00edtico y econ\u00f3mico instaurado por la dictadura y que se rige por el mercado como \u00fanico administrador de la econom\u00eda y asentado en un modelo de acumulaci\u00f3n basado en la renta financiera.<\/p><p>La consolidaci\u00f3n de este \u201cdiscurso \u00fanico\u201d provoc\u00f3 da\u00f1os grav\u00edsimos en todo el tejido social, con un fuerte aumento de la desocupaci\u00f3n, de la pobreza y una profunda crisis institucional y cultural. La reacci\u00f3n de la sociedad ante este escenario adquiri\u00f3 rasgos de revuelta popular con un alto poder destituyente. Las jornadas de diciembre de 2001 dejaron un saldo de m\u00e1s de 20 v\u00edctimas fatales y una sucesi\u00f3n de 5 presidentes en poco m\u00e1s de diez d\u00edas. De este proceso surgi\u00f3 un gobierno d\u00e9bil, a cargo del senador Eduardo Duhalde, que intent\u00f3 restituir la paz social a partir de la utilizaci\u00f3n de las fuerzas represivas.<\/p><p>El fracaso te\u00f1ido de sangre de este nuevo experimento gener\u00f3 las condiciones para la instalaci\u00f3n de un gobierno con nuevas miradas y objetivos, entre los cuales se encuentran, en el plano interno, alcanzar el pleno empleo, la mejora en la distribuci\u00f3n del ingreso, la instalaci\u00f3n (que esperamos definitiva) de negociaciones salariales entre las partes con la mediaci\u00f3n del Estado, el crecimiento de la producci\u00f3n primaria, y una nueva reindustrializaci\u00f3n apoyada en el progreso cient\u00edfico y tecnol\u00f3gico que atienda al desarrollo de un consistente mercado interno; todo lo cual puede resumirse en la idea de la recuperaci\u00f3n del rol del Estado como principal actor, ordenador y mediador de la econom\u00eda. Por su parte, en el plano externo estos objetivos se tradujeron en la reestructuraci\u00f3n de la deuda externa, una clara definici\u00f3n de la voluntad de integraci\u00f3n regional expresada en el fortalecimiento del Mercosur y la creaci\u00f3n de la Unasur, y el rechazo contundente al ALCA.<\/p><p>Mucho es lo que hemos avanzado en estos \u00faltimos 30 a\u00f1os como sociedad, y mucho es el camino que queda a\u00fan por recorrer. Es imperiosa la mejora de las condiciones de vida de muchos ciudadanos. Para ello es necesario elaborar un plan estrat\u00e9gico a futuro que cuente con amplio consenso social.<\/p><p>La democracia debe ser la herramienta fundamental para alcanzar las metas ineludibles de eliminaci\u00f3n de la desigualdad, la promoci\u00f3n de la inclusi\u00f3n social y el incremento de la participaci\u00f3n ciudadana en los a\u00f1os venideros.<\/p><p>Alcemos entonces nuestras copas y brindemos merecidamente por lo logrado en estos 30 a\u00f1os, pero fundamentalmente asumamos el compromiso de avanzar en un camino de justicia y libertad.<\/p>\t\t\t\t\t\t\t\t<\/div>\n\t\t\t\t<\/div>\n\t\t\t\t\t<\/div>\n\t\t<\/div>\n\t\t\t\t\t<\/div>\n\t\t<\/section>\n\t\t\t\t<section class=\"elementor-section elementor-top-section elementor-element elementor-element-9e8d44b elementor-section-boxed elementor-section-height-default elementor-section-height-default\" data-id=\"9e8d44b\" data-element_type=\"section\" data-e-type=\"section\">\n\t\t\t\t\t\t<div class=\"elementor-container elementor-column-gap-default\">\n\t\t\t\t\t<div class=\"elementor-column elementor-col-100 elementor-top-column elementor-element elementor-element-4e40514\" data-id=\"4e40514\" data-element_type=\"column\" data-e-type=\"column\">\n\t\t\t<div class=\"elementor-widget-wrap elementor-element-populated\">\n\t\t\t\t\t\t<div class=\"elementor-element elementor-element-8175ecd elementor-widget elementor-widget-html\" data-id=\"8175ecd\" data-element_type=\"widget\" data-e-type=\"widget\" data-widget_type=\"html.default\">\n\t\t\t\t<div class=\"elementor-widget-container\">\n\t\t\t\t\t<!-- AddToAny BEGIN -->\r\n<div class=\"a2a_kit a2a_kit_size_32 a2a_default_style\">\r\n<a class=\"a2a_dd\" href=\"https:\/\/www.addtoany.com\/share\"><\/a>\r\n<a class=\"a2a_button_x\"><\/a>\r\n<a class=\"a2a_button_facebook\"><\/a>\r\n<a class=\"a2a_button_whatsapp\"><\/a>\r\n<a class=\"a2a_button_telegram\"><\/a>\r\n<a class=\"a2a_button_google_gmail\"><\/a>\r\n<a class=\"a2a_button_printfriendly\"><\/a>\r\n<\/div>\r\n<script async \r\n\r\nsrc=\"https:\/\/static.addtoany.com\/menu\/page.js\"><\/script>\r\n<!-- AddToAny END -->\t\t\t\t<\/div>\n\t\t\t\t<\/div>\n\t\t\t\t\t<\/div>\n\t\t<\/div>\n\t\t\t\t\t<\/div>\n\t\t<\/section>\n\t\t\t\t<section class=\"elementor-section elementor-top-section elementor-element elementor-element-7cf4b41 elementor-section-boxed elementor-section-height-default elementor-section-height-default\" data-id=\"7cf4b41\" data-element_type=\"section\" data-e-type=\"section\" id=\"autorxs\" data-settings=\"{&quot;background_background&quot;:&quot;classic&quot;}\">\n\t\t\t\t\t\t<div class=\"elementor-container elementor-column-gap-default\">\n\t\t\t\t\t<div class=\"elementor-column elementor-col-100 elementor-top-column elementor-element elementor-element-b7b4b9e\" data-id=\"b7b4b9e\" data-element_type=\"column\" data-e-type=\"column\">\n\t\t\t<div class=\"elementor-widget-wrap elementor-element-populated\">\n\t\t\t\t\t\t<div class=\"elementor-element elementor-element-5604fe7 elementor-widget elementor-widget-text-editor\" data-id=\"5604fe7\" data-element_type=\"widget\" data-e-type=\"widget\" data-widget_type=\"text-editor.default\">\n\t\t\t\t<div class=\"elementor-widget-container\">\n\t\t\t\t\t\t\t\t\t<h6>Autorxs<\/h6><p><strong><br \/>Abraham Leonardo Gak:<\/strong><br \/>Director de Voces en el F\u00e9nix.<\/p>\t\t\t\t\t\t\t\t<\/div>\n\t\t\t\t<\/div>\n\t\t\t\t\t<\/div>\n\t\t<\/div>\n\t\t\t\t\t<\/div>\n\t\t<\/section>\n\t\t\t\t<\/div>\n\t\t","protected":false},"excerpt":{"rendered":"<p>| Por Abraham Leonardo Gak | <\/p>\n","protected":false},"author":5,"featured_media":15408,"comment_status":"closed","ping_status":"closed","sticky":false,"template":"","format":"standard","meta":{"footnotes":""},"categories":[2005],"tags":[2305,137,769,310],"class_list":["post-15407","post","type-post","status-publish","format-standard","has-post-thumbnail","hentry","category-n-31","tag-30-anos-de-democracia","tag-abraham-leonardo-gak","tag-democracia","tag-editorial"],"_links":{"self":[{"href":"https:\/\/www.economicas.uba.ar\/extension\/vocesenelfenix\/wp-json\/wp\/v2\/posts\/15407","targetHints":{"allow":["GET"]}}],"collection":[{"href":"https:\/\/www.economicas.uba.ar\/extension\/vocesenelfenix\/wp-json\/wp\/v2\/posts"}],"about":[{"href":"https:\/\/www.economicas.uba.ar\/extension\/vocesenelfenix\/wp-json\/wp\/v2\/types\/post"}],"author":[{"embeddable":true,"href":"https:\/\/www.economicas.uba.ar\/extension\/vocesenelfenix\/wp-json\/wp\/v2\/users\/5"}],"replies":[{"embeddable":true,"href":"https:\/\/www.economicas.uba.ar\/extension\/vocesenelfenix\/wp-json\/wp\/v2\/comments?post=15407"}],"version-history":[{"count":46,"href":"https:\/\/www.economicas.uba.ar\/extension\/vocesenelfenix\/wp-json\/wp\/v2\/posts\/15407\/revisions"}],"predecessor-version":[{"id":28394,"href":"https:\/\/www.economicas.uba.ar\/extension\/vocesenelfenix\/wp-json\/wp\/v2\/posts\/15407\/revisions\/28394"}],"wp:featuredmedia":[{"embeddable":true,"href":"https:\/\/www.economicas.uba.ar\/extension\/vocesenelfenix\/wp-json\/wp\/v2\/media\/15408"}],"wp:attachment":[{"href":"https:\/\/www.economicas.uba.ar\/extension\/vocesenelfenix\/wp-json\/wp\/v2\/media?parent=15407"}],"wp:term":[{"taxonomy":"category","embeddable":true,"href":"https:\/\/www.economicas.uba.ar\/extension\/vocesenelfenix\/wp-json\/wp\/v2\/categories?post=15407"},{"taxonomy":"post_tag","embeddable":true,"href":"https:\/\/www.economicas.uba.ar\/extension\/vocesenelfenix\/wp-json\/wp\/v2\/tags?post=15407"}],"curies":[{"name":"wp","href":"https:\/\/api.w.org\/{rel}","templated":true}]}}