{"id":16684,"date":"2013-06-01T01:01:00","date_gmt":"2013-06-01T04:01:00","guid":{"rendered":"https:\/\/www.economicas.uba.ar\/extension\/vocesenelfenix\/?p=16684"},"modified":"2024-03-15T12:31:22","modified_gmt":"2024-03-15T15:31:22","slug":"prefacio-6","status":"publish","type":"post","link":"https:\/\/www.economicas.uba.ar\/extension\/vocesenelfenix\/prefacio-6\/","title":{"rendered":"Prefacio"},"content":{"rendered":"\t\t<div data-elementor-type=\"wp-post\" data-elementor-id=\"16684\" class=\"elementor elementor-16684\" data-elementor-post-type=\"post\">\n\t\t\t\t\t\t<section class=\"elementor-section elementor-top-section elementor-element elementor-element-db43081 elementor-section-boxed elementor-section-height-default elementor-section-height-default\" data-id=\"db43081\" data-element_type=\"section\" data-e-type=\"section\">\n\t\t\t\t\t\t<div class=\"elementor-container elementor-column-gap-default\">\n\t\t\t\t\t<div class=\"elementor-column elementor-col-100 elementor-top-column elementor-element elementor-element-3994dc1\" data-id=\"3994dc1\" data-element_type=\"column\" data-e-type=\"column\">\n\t\t\t<div class=\"elementor-widget-wrap elementor-element-populated\">\n\t\t\t\t\t\t<div class=\"elementor-element elementor-element-df80807 elementor-widget elementor-widget-text-editor\" data-id=\"df80807\" data-element_type=\"widget\" data-e-type=\"widget\" data-widget_type=\"text-editor.default\">\n\t\t\t\t<div class=\"elementor-widget-container\">\n\t\t\t\t\t\t\t\t\t<p style=\"text-align: right;\"><a href=\"#autorxs\"><em>| Por Silvina Ram\u00edrez |<\/em><\/a><\/p><p>Los pueblos ind\u00edgenas en la Argentina, as\u00ed como en el resto de Am\u00e9rica latina, enfrentan una situaci\u00f3n parad\u00f3jica: por una parte, se encuentran bajo el paraguas protector de un material normativo abundante: instrumentos jur\u00eddicos internacionales vigentes en el pa\u00eds, la Constituci\u00f3n nacional que introduce una cl\u00e1usula de reconocimiento de los pueblos ind\u00edgenas, legislaci\u00f3n secundaria, y el Sistema Interamericano de Derechos Humanos que ha desarrollado una doctrina potente en defensa de los derechos de los pueblos ind\u00edgenas.<\/p><p>Por otra parte, la realidad de los pueblos ind\u00edgenas lejos est\u00e1 de acompa\u00f1ar estas transformaciones normativas. Sus derechos son vulnerados d\u00eda a d\u00eda, los conflictos territoriales se profundizan, configurando un estado de situaci\u00f3n que atenta claramente contra el conjunto de derechos vigentes en el pa\u00eds. En definitiva, su calidad de vida se ve seriamente amenazada, y desde el Estado no surgen respuestas satisfactorias, sino m\u00e1s bien complicidad frente al despojo, una situaci\u00f3n que tiene una continuidad hist\u00f3rica, pero que se ve agravada precisamente por el recurso ret\u00f3rico de pretender construir Estados interculturales.<\/p><p>Preguntarse por qu\u00e9 se gestan estas contradicciones nos hace buscar las respuestas en los procesos hist\u00f3ricos y pol\u00edticos que dan nacimiento a los Estados. Pero tambi\u00e9n nos obliga a reflexionar sobre nuestra situaci\u00f3n actual y las decisiones pol\u00edticas que se toman en funci\u00f3n de requerir de la tierra y el territorio ind\u00edgena para llevar adelante la explotaci\u00f3n de sus recursos naturales, que son la base de un modelo de desarrollo que hoy es la causa principal de la violaci\u00f3n de los derechos. En definitiva, la raz\u00f3n econ\u00f3mica se convierte, si bien no en la \u00fanica, en la fundamental para entender por qu\u00e9, ya bien entrado el siglo XXI, alcanzar un Estado igualitario sigue siendo una utop\u00eda.<\/p><p>Los art\u00edculos que se publican en este n\u00famero fueron solicitados pensando, precisamente, en la confrontaci\u00f3n de la dimensi\u00f3n normativa existente alrededor de los pueblos ind\u00edgenas, y ejemplos muy concretos que demuestran la lucha denodada que llevan adelante para defenderlos. Es por ello que se dividi\u00f3 la publicaci\u00f3n en dos partes: en la primera se presentan los derechos desde sus diferentes perspectivas: internacional, interamericana, nacional. As\u00ed, a trav\u00e9s del enfoque de diferentes autores se destaca la relevancia que han adquirido en los \u00faltimos tiempos los derechos ind\u00edgenas, lo que vuelve incuestionable \u2013o deber\u00eda serlo\u2013 las prerrogativas que tienen en raz\u00f3n de su preexistencia al Estado tal como hoy lo conocemos.<\/p><p>A ello se le suman reflexiones en torno a discusiones de actualidad. Los factores de discriminaci\u00f3n, por ejemplo, que todav\u00eda se encuentra en algunas de las sentencias judiciales, indican claramente las dificultades que enfrentan los pueblos ind\u00edgenas en la defensa concreta de sus derechos. Como contrapartida, la pericia antropol\u00f3gica analizada en uno de los art\u00edculos demuestra que existen formas de judicializaci\u00f3n que prestan especial atenci\u00f3n a los modos de vida de las comunidades y pueblos ind\u00edgenas, para incorporarlos o tenerlos presentes en un proceso judicial. Asimismo, las discusiones alrededor del proyecto de C\u00f3digo Civil son imprescindibles, precisamente porque tienen una incidencia directa en las reivindicaciones territoriales que son el centro de los debates.<\/p><p>En la segunda parte se ilustra con algunos casos judiciales paradigm\u00e1ticos para dar a conocer cu\u00e1les son las herramientas jur\u00eddicas que facilitan la defensa de los derechos (y a su vez, las enormes dificultades que enfrentan para hacerlos efectivos), con especial \u00e9nfasis en el derecho al acceso a la tierra. Por otro lado, se le suman an\u00e1lisis interesantes que van desde los desaf\u00edos que genera reconocer \u201cal otro\u201d (ind\u00edgena) hasta los dilemas que provoca la ampliaci\u00f3n de la frontera agropecuaria, enfrentando la siembra de soja (que genera una renta vital para el gobierno, y que implica necesariamente desmonte y avasallamiento de los derechos territoriales ind\u00edgenas) o las consecuencias nefastas de la explotaci\u00f3n petrolera con las que intentan lidiar las comunidades ind\u00edgenas. Esta parte concluye con una entrevista al l\u00edder qom, F\u00e9lix D\u00edaz, que es hoy uno de los referentes ind\u00edgenas destacados en la lucha por la defensa de su pueblo.<\/p><p>De este modo, se pretende brindar al lector \u2013no importando cu\u00e1n ajena le resulte esta tem\u00e1tica\u2013 un panorama que transmita tanto los enormes desaf\u00edos que implica una genuina inclusi\u00f3n de los pueblos ind\u00edgenas en el escenario pol\u00edtico, como los dilemas que enfrenta el Estado que, por una parte, est\u00e1 obligado a respetar un conjunto de derechos pero que, por la otra, no est\u00e1 dispuesto a dejar de lado una l\u00f3gica econ\u00f3mica que inevitablemente los vulnera.<\/p>\t\t\t\t\t\t\t\t<\/div>\n\t\t\t\t<\/div>\n\t\t\t\t\t<\/div>\n\t\t<\/div>\n\t\t\t\t\t<\/div>\n\t\t<\/section>\n\t\t\t\t<section class=\"elementor-section elementor-top-section elementor-element elementor-element-6401238 elementor-section-boxed elementor-section-height-default elementor-section-height-default\" data-id=\"6401238\" data-element_type=\"section\" data-e-type=\"section\">\n\t\t\t\t\t\t<div class=\"elementor-container elementor-column-gap-default\">\n\t\t\t\t\t<div class=\"elementor-column elementor-col-100 elementor-top-column elementor-element elementor-element-64f4b64\" data-id=\"64f4b64\" data-element_type=\"column\" data-e-type=\"column\">\n\t\t\t<div class=\"elementor-widget-wrap elementor-element-populated\">\n\t\t\t\t\t\t<div class=\"elementor-element elementor-element-b26e804 elementor-widget elementor-widget-html\" data-id=\"b26e804\" data-element_type=\"widget\" data-e-type=\"widget\" data-widget_type=\"html.default\">\n\t\t\t\t<div class=\"elementor-widget-container\">\n\t\t\t\t\t<!-- AddToAny BEGIN -->\r\n<div class=\"a2a_kit a2a_kit_size_32 a2a_default_style\">\r\n<a class=\"a2a_dd\" href=\"https:\/\/www.addtoany.com\/share\"><\/a>\r\n<a class=\"a2a_button_x\"><\/a>\r\n<a class=\"a2a_button_facebook\"><\/a>\r\n<a class=\"a2a_button_whatsapp\"><\/a>\r\n<a class=\"a2a_button_telegram\"><\/a>\r\n<a class=\"a2a_button_google_gmail\"><\/a>\r\n<a class=\"a2a_button_printfriendly\"><\/a>\r\n<\/div>\r\n<script async src=\"https:\/\/static.addtoany.com\/menu\/page.js\"><\/script>\r\n<!-- AddToAny END -->\t\t\t\t<\/div>\n\t\t\t\t<\/div>\n\t\t\t\t\t<\/div>\n\t\t<\/div>\n\t\t\t\t\t<\/div>\n\t\t<\/section>\n\t\t\t\t<section class=\"elementor-section elementor-top-section elementor-element elementor-element-a5621e9 elementor-section-boxed elementor-section-height-default elementor-section-height-default\" data-id=\"a5621e9\" data-element_type=\"section\" data-e-type=\"section\" id=\"autorxs\" data-settings=\"{&quot;background_background&quot;:&quot;classic&quot;}\">\n\t\t\t\t\t\t<div class=\"elementor-container elementor-column-gap-default\">\n\t\t\t\t\t<div class=\"elementor-column elementor-col-100 elementor-top-column elementor-element elementor-element-8a3ed0b\" data-id=\"8a3ed0b\" data-element_type=\"column\" data-e-type=\"column\">\n\t\t\t<div class=\"elementor-widget-wrap elementor-element-populated\">\n\t\t\t\t\t\t<div class=\"elementor-element elementor-element-e0f87a0 elementor-widget elementor-widget-text-editor\" data-id=\"e0f87a0\" data-element_type=\"widget\" data-e-type=\"widget\" data-widget_type=\"text-editor.default\">\n\t\t\t\t<div class=\"elementor-widget-container\">\n\t\t\t\t\t\t\t\t\t<h6>Autorxs<\/h6><p><strong><br \/>Silvina Ram\u00edrez:<\/strong><br \/>Presidenta de la Asociaci\u00f3n de Abogados\/as de Derecho Ind\u00edgena (AADI). Profesora de Derecho Constitucional en la Facultad de Derecho de la UBA y de Pluralismo Jur\u00eddico en la Universidad de Palermo.<\/p>\t\t\t\t\t\t\t\t<\/div>\n\t\t\t\t<\/div>\n\t\t\t\t\t<\/div>\n\t\t<\/div>\n\t\t\t\t\t<\/div>\n\t\t<\/section>\n\t\t\t\t<\/div>\n\t\t","protected":false},"excerpt":{"rendered":"<p>| Por Silvina Ram\u00edrez | <\/p>\n","protected":false},"author":5,"featured_media":16685,"comment_status":"closed","ping_status":"closed","sticky":false,"template":"","format":"standard","meta":{"footnotes":""},"categories":[2507],"tags":[1672,504],"class_list":["post-16684","post","type-post","status-publish","format-standard","has-post-thumbnail","hentry","category-n-25","tag-prefacio","tag-pueblos-indigenas"],"_links":{"self":[{"href":"https:\/\/www.economicas.uba.ar\/extension\/vocesenelfenix\/wp-json\/wp\/v2\/posts\/16684","targetHints":{"allow":["GET"]}}],"collection":[{"href":"https:\/\/www.economicas.uba.ar\/extension\/vocesenelfenix\/wp-json\/wp\/v2\/posts"}],"about":[{"href":"https:\/\/www.economicas.uba.ar\/extension\/vocesenelfenix\/wp-json\/wp\/v2\/types\/post"}],"author":[{"embeddable":true,"href":"https:\/\/www.economicas.uba.ar\/extension\/vocesenelfenix\/wp-json\/wp\/v2\/users\/5"}],"replies":[{"embeddable":true,"href":"https:\/\/www.economicas.uba.ar\/extension\/vocesenelfenix\/wp-json\/wp\/v2\/comments?post=16684"}],"version-history":[{"count":8,"href":"https:\/\/www.economicas.uba.ar\/extension\/vocesenelfenix\/wp-json\/wp\/v2\/posts\/16684\/revisions"}],"predecessor-version":[{"id":28775,"href":"https:\/\/www.economicas.uba.ar\/extension\/vocesenelfenix\/wp-json\/wp\/v2\/posts\/16684\/revisions\/28775"}],"wp:featuredmedia":[{"embeddable":true,"href":"https:\/\/www.economicas.uba.ar\/extension\/vocesenelfenix\/wp-json\/wp\/v2\/media\/16685"}],"wp:attachment":[{"href":"https:\/\/www.economicas.uba.ar\/extension\/vocesenelfenix\/wp-json\/wp\/v2\/media?parent=16684"}],"wp:term":[{"taxonomy":"category","embeddable":true,"href":"https:\/\/www.economicas.uba.ar\/extension\/vocesenelfenix\/wp-json\/wp\/v2\/categories?post=16684"},{"taxonomy":"post_tag","embeddable":true,"href":"https:\/\/www.economicas.uba.ar\/extension\/vocesenelfenix\/wp-json\/wp\/v2\/tags?post=16684"}],"curies":[{"name":"wp","href":"https:\/\/api.w.org\/{rel}","templated":true}]}}