{"id":19196,"date":"2012-05-01T01:17:00","date_gmt":"2012-05-01T04:17:00","guid":{"rendered":"https:\/\/www.economicas.uba.ar\/extension\/vocesenelfenix\/?p=19196"},"modified":"2024-06-27T14:56:29","modified_gmt":"2024-06-27T17:56:29","slug":"cadenas-que-matan","status":"publish","type":"post","link":"https:\/\/www.economicas.uba.ar\/extension\/vocesenelfenix\/cadenas-que-matan\/","title":{"rendered":"Cadenas que matan"},"content":{"rendered":"\t\t<div data-elementor-type=\"wp-post\" data-elementor-id=\"19196\" class=\"elementor elementor-19196\" data-elementor-post-type=\"post\">\n\t\t\t\t\t\t<section class=\"elementor-section elementor-top-section elementor-element elementor-element-943af75 elementor-section-boxed elementor-section-height-default elementor-section-height-default\" data-id=\"943af75\" data-element_type=\"section\" data-e-type=\"section\" data-settings=\"{&quot;background_background&quot;:&quot;classic&quot;}\">\n\t\t\t\t\t\t<div class=\"elementor-container elementor-column-gap-default\">\n\t\t\t\t\t<div class=\"elementor-column elementor-col-100 elementor-top-column elementor-element elementor-element-ad7c50c\" data-id=\"ad7c50c\" data-element_type=\"column\" data-e-type=\"column\">\n\t\t\t<div class=\"elementor-widget-wrap elementor-element-populated\">\n\t\t\t\t\t\t<div class=\"elementor-element elementor-element-9cbc2e1 elementor-widget elementor-widget-text-editor\" data-id=\"9cbc2e1\" data-element_type=\"widget\" data-e-type=\"widget\" data-widget_type=\"text-editor.default\">\n\t\t\t\t<div class=\"elementor-widget-container\">\n\t\t\t\t\t\t\t\t\t<p>A prop\u00f3sito del ensordecedor \u201cSilencio de los Inocentes\u201d que hemos elegido como t\u00edtulo de este n\u00famero de <em>Voces en el F\u00e9nix<\/em>, consideramos muy importante difundir \u2014como cierre provisorio de esta compilaci\u00f3n a favor de la reforma fiscal en la Argentina\u2014 el siguiente texto de Javier Auyero publicado en el peri\u00f3dico <em>P\u00e1gina 12<\/em> de Buenos Aires el mi\u00e9rcoles 25 de abril de 2012.<\/p>\t\t\t\t\t\t\t\t<\/div>\n\t\t\t\t<\/div>\n\t\t\t\t\t<\/div>\n\t\t<\/div>\n\t\t\t\t\t<\/div>\n\t\t<\/section>\n\t\t\t\t<section class=\"elementor-section elementor-top-section elementor-element elementor-element-7c2aac1 elementor-section-boxed elementor-section-height-default elementor-section-height-default\" data-id=\"7c2aac1\" data-element_type=\"section\" data-e-type=\"section\">\n\t\t\t\t\t\t<div class=\"elementor-container elementor-column-gap-default\">\n\t\t\t\t\t<div class=\"elementor-column elementor-col-100 elementor-top-column elementor-element elementor-element-ea426f3\" data-id=\"ea426f3\" data-element_type=\"column\" data-e-type=\"column\">\n\t\t\t<div class=\"elementor-widget-wrap elementor-element-populated\">\n\t\t\t\t\t\t<div class=\"elementor-element elementor-element-17cc210 elementor-widget elementor-widget-text-editor\" data-id=\"17cc210\" data-element_type=\"widget\" data-e-type=\"widget\" data-widget_type=\"text-editor.default\">\n\t\t\t\t<div class=\"elementor-widget-container\">\n\t\t\t\t\t\t\t\t\t<p style=\"text-align: right;\"><a href=\"#autorxs\"><em>| Por Javier Auyero |<\/em><\/a><\/p><p>D. muri\u00f3 la semana pasada. Ten\u00eda 17 a\u00f1os. Se mat\u00f3 o lo mataron. Nadie sabe. Entr\u00f3 en la escuela donde ense\u00f1a Flavia, la maestra de una escuela del conurbano, con la que colaboro en un proyecto de investigaci\u00f3n desde hace algunos a\u00f1os. D. estaba desorientado, se cree bajo el efecto de alguna droga. En la escuela intentaron contenerlo. Llamaron al hospital para que env\u00ede una ambulancia o un m\u00e9dico. Nadie vino. A la media hora, con claros s\u00edntomas de paranoia seg\u00fan quienes lo vieron, D. sali\u00f3 corriendo de la escuela; llevaba una gomera en mano con la que amenazaba a sus fantasmas. Despu\u00e9s de una hora, el director de la escuela recibi\u00f3 la noticia de que D. hab\u00eda muerto. Se hab\u00eda ahogado en el riacho podrido y pantanoso que atraviesa el asentamiento lindero a la escuela. Dicen en el barrio que tuvo una pelea con unos vecinos, y que termin\u00f3 en el r\u00edo, estancado, y que no pudo salir. Lo velaron en su casa. Su muerte no se report\u00f3 en ning\u00fan diario.<\/p><p>Durante los \u00faltimos dos a\u00f1os hemos realizado observaciones y hemos mantenido innumerables conversaciones y entrevistas con los habitantes de tres barrios aleda\u00f1os a la escuela donde trabaja Flavia y donde fue D. desesperado a buscar ayuda. Inicialmente nuestros objetivos eran determinar los efectos que las grandes transformaciones del neoliberalismo tuvieron en la vida cotidiana de los territorios urbanos relegados y evaluar los efectos que los esfuerzos actuales por aliviar la pobreza y la desigualdad tienen sobre la vida cotidiana de los m\u00e1s destituidos.<\/p><p>Junto a las carencias materiales (falta de ingresos suficientes para satisfacer las necesidades b\u00e1sicas) y de infraestructura (falta de pavimento, alumbrado, contaminaci\u00f3n ambiental, ausencia de recolecci\u00f3n de residuos, alcantarilla, etc.), una de las preocupaciones centrales en la vida cotidiana de los m\u00e1s despose\u00eddos gira alrededor de los distintos tipos de violencia \u2013delictiva, relacionada con el consumo de drogas, dom\u00e9stica, policial, sexual\u2013 que hacen que sus vidas est\u00e9n en riesgo permanente. En un comienzo pensamos que estos distintos tipos de violencia eran, como buena parte de las ciencias sociales a\u00fan sostiene, fen\u00f3menos discretos, separados, independientes unos de otros. Pero hechos como la muerte de D. demuestran que las violencias est\u00e1n imbricadas unas con otras. En otras palabras, la muerte de D. revela la cadena de violencia que amenaza a quienes viven en lo m\u00e1s bajo del orden social y simb\u00f3lico.<\/p><p>D\u00edas antes de su muerte, asesinato o suicidio, los vecinos cuentan que D. fue violentamente agredido por la polic\u00eda local. \u201cLo confundieron con un chorrito, lo metieron en el patrullero y lo cagaron a palos.\u201d Nos lo cuentan con temor de las posibles represalias, y repiten: \u201cSi lo ven drogado, \u00bfpor qu\u00e9 no lo llevan a la casa?\u201d.<\/p><p>Dicen que cuando D. sali\u00f3 de la escuela agredi\u00f3 a unos vecinos. Estos no llamaron a la polic\u00eda (\u00bfpor qu\u00e9 han de hacerlo si, como nos han relatado innumerables veces, \u201cla gorra siempre llega tarde, a levantar el cuerpo si hay un muerto o a coserte si te violaron\u201d?), sino que tomaron la justicia en mano propia y castigaron a D. Nadie sabe y nadie quiz\u00e1s quiera saber si fueron ellos quienes lo arrojaron al riacho contaminado y letal.<\/p><p>\u00bfMuri\u00f3 D. por el efecto psicofarmacol\u00f3gico de las drogas a las que era adicto? \u00bfLo comenz\u00f3 a matar la polic\u00eda d\u00edas antes? \u00bfLo asesinaron sus vecinos en un acto de retaliaci\u00f3n? Este es un caso cerrado. Olvidado por todos, menos por sus familiares m\u00e1s \u00edntimos, moradores de un conurbano bonaerense en donde muertes como las de D. parecen importar poco.<\/p>\t\t\t\t\t\t\t\t<\/div>\n\t\t\t\t<\/div>\n\t\t\t\t\t<\/div>\n\t\t<\/div>\n\t\t\t\t\t<\/div>\n\t\t<\/section>\n\t\t\t\t<section class=\"elementor-section elementor-top-section elementor-element elementor-element-5f0c6f2 elementor-section-boxed elementor-section-height-default elementor-section-height-default\" data-id=\"5f0c6f2\" data-element_type=\"section\" data-e-type=\"section\">\n\t\t\t\t\t\t<div class=\"elementor-container elementor-column-gap-default\">\n\t\t\t\t\t<div class=\"elementor-column elementor-col-100 elementor-top-column elementor-element elementor-element-5169c40\" data-id=\"5169c40\" data-element_type=\"column\" data-e-type=\"column\">\n\t\t\t<div class=\"elementor-widget-wrap elementor-element-populated\">\n\t\t\t\t\t\t<div class=\"elementor-element elementor-element-48283fb elementor-widget elementor-widget-html\" data-id=\"48283fb\" data-element_type=\"widget\" data-e-type=\"widget\" data-widget_type=\"html.default\">\n\t\t\t\t<div class=\"elementor-widget-container\">\n\t\t\t\t\t<!-- AddToAny BEGIN -->\n<div class=\"a2a_kit a2a_kit_size_32 a2a_default_style\">\n<a class=\"a2a_dd\" href=\"https:\/\/www.addtoany.com\/share\"><\/a>\n<a class=\"a2a_button_x\"><\/a>\n<a class=\"a2a_button_facebook\"><\/a>\n<a class=\"a2a_button_whatsapp\"><\/a>\n<a class=\"a2a_button_telegram\"><\/a>\n<a class=\"a2a_button_google_gmail\"><\/a>\n<a class=\"a2a_button_printfriendly\"><\/a><\/div>\n<script async src=\"https:\/\/static.addtoany.com\/menu\/page.js\"><\/script>\n<!-- AddToAny END -->\t\t\t\t<\/div>\n\t\t\t\t<\/div>\n\t\t\t\t\t<\/div>\n\t\t<\/div>\n\t\t\t\t\t<\/div>\n\t\t<\/section>\n\t\t\t\t<section class=\"elementor-section elementor-top-section elementor-element elementor-element-ed215b1 elementor-section-boxed elementor-section-height-default elementor-section-height-default\" data-id=\"ed215b1\" data-element_type=\"section\" data-e-type=\"section\" id=\"autorxs\" data-settings=\"{&quot;background_background&quot;:&quot;classic&quot;}\">\n\t\t\t\t\t\t<div class=\"elementor-container elementor-column-gap-default\">\n\t\t\t\t\t<div class=\"elementor-column elementor-col-100 elementor-top-column elementor-element elementor-element-0bf21c7\" data-id=\"0bf21c7\" data-element_type=\"column\" data-e-type=\"column\">\n\t\t\t<div class=\"elementor-widget-wrap elementor-element-populated\">\n\t\t\t\t\t\t<div class=\"elementor-element elementor-element-e805cac elementor-widget elementor-widget-text-editor\" data-id=\"e805cac\" data-element_type=\"widget\" data-e-type=\"widget\" data-widget_type=\"text-editor.default\">\n\t\t\t\t<div class=\"elementor-widget-container\">\n\t\t\t\t\t\t\t\t\t<h6>Autorxs<\/h6><p><strong><br \/>Javier Auyero:<\/strong><br \/>Departamento de Sociolog\u00eda, Universidad de Texas, Austin.<\/p>\t\t\t\t\t\t\t\t<\/div>\n\t\t\t\t<\/div>\n\t\t\t\t\t<\/div>\n\t\t<\/div>\n\t\t\t\t\t<\/div>\n\t\t<\/section>\n\t\t\t\t<\/div>\n\t\t","protected":false},"excerpt":{"rendered":"<p>| Por Javier Auyero | <\/p>\n","protected":false},"author":5,"featured_media":19450,"comment_status":"closed","ping_status":"closed","sticky":false,"template":"","format":"standard","meta":{"footnotes":""},"categories":[2945],"tags":[674,2985,2986,1502],"class_list":["post-19196","post","type-post","status-publish","format-standard","has-post-thumbnail","hentry","category-n-14","tag-argentina","tag-javier-auyero","tag-pagina-12","tag-reforma-fiscal"],"_links":{"self":[{"href":"https:\/\/www.economicas.uba.ar\/extension\/vocesenelfenix\/wp-json\/wp\/v2\/posts\/19196","targetHints":{"allow":["GET"]}}],"collection":[{"href":"https:\/\/www.economicas.uba.ar\/extension\/vocesenelfenix\/wp-json\/wp\/v2\/posts"}],"about":[{"href":"https:\/\/www.economicas.uba.ar\/extension\/vocesenelfenix\/wp-json\/wp\/v2\/types\/post"}],"author":[{"embeddable":true,"href":"https:\/\/www.economicas.uba.ar\/extension\/vocesenelfenix\/wp-json\/wp\/v2\/users\/5"}],"replies":[{"embeddable":true,"href":"https:\/\/www.economicas.uba.ar\/extension\/vocesenelfenix\/wp-json\/wp\/v2\/comments?post=19196"}],"version-history":[{"count":11,"href":"https:\/\/www.economicas.uba.ar\/extension\/vocesenelfenix\/wp-json\/wp\/v2\/posts\/19196\/revisions"}],"predecessor-version":[{"id":29704,"href":"https:\/\/www.economicas.uba.ar\/extension\/vocesenelfenix\/wp-json\/wp\/v2\/posts\/19196\/revisions\/29704"}],"wp:featuredmedia":[{"embeddable":true,"href":"https:\/\/www.economicas.uba.ar\/extension\/vocesenelfenix\/wp-json\/wp\/v2\/media\/19450"}],"wp:attachment":[{"href":"https:\/\/www.economicas.uba.ar\/extension\/vocesenelfenix\/wp-json\/wp\/v2\/media?parent=19196"}],"wp:term":[{"taxonomy":"category","embeddable":true,"href":"https:\/\/www.economicas.uba.ar\/extension\/vocesenelfenix\/wp-json\/wp\/v2\/categories?post=19196"},{"taxonomy":"post_tag","embeddable":true,"href":"https:\/\/www.economicas.uba.ar\/extension\/vocesenelfenix\/wp-json\/wp\/v2\/tags?post=19196"}],"curies":[{"name":"wp","href":"https:\/\/api.w.org\/{rel}","templated":true}]}}