{"id":21091,"date":"2023-03-01T00:01:00","date_gmt":"2023-03-01T03:01:00","guid":{"rendered":"https:\/\/www.economicas.uba.ar\/extension\/vocesenelfenix\/?p=21091"},"modified":"2023-11-06T11:44:52","modified_gmt":"2023-11-06T14:44:52","slug":"salud-mental-e-inclusion","status":"publish","type":"post","link":"https:\/\/www.economicas.uba.ar\/extension\/vocesenelfenix\/salud-mental-e-inclusion\/","title":{"rendered":"Salud mental e inclusi\u00f3n"},"content":{"rendered":"\t\t<div data-elementor-type=\"wp-post\" data-elementor-id=\"21091\" class=\"elementor elementor-21091\" data-elementor-post-type=\"post\">\n\t\t\t\t\t\t<section class=\"elementor-section elementor-top-section elementor-element elementor-element-a8dd742 elementor-section-boxed elementor-section-height-default elementor-section-height-default\" data-id=\"a8dd742\" data-element_type=\"section\" data-e-type=\"section\">\n\t\t\t\t\t\t<div class=\"elementor-container elementor-column-gap-default\">\n\t\t\t\t\t<div class=\"elementor-column elementor-col-100 elementor-top-column elementor-element elementor-element-7d63232\" data-id=\"7d63232\" data-element_type=\"column\" data-e-type=\"column\">\n\t\t\t<div class=\"elementor-widget-wrap elementor-element-populated\">\n\t\t\t\t\t\t<div class=\"elementor-element elementor-element-6c5a7d7 elementor-widget elementor-widget-text-editor\" data-id=\"6c5a7d7\" data-element_type=\"widget\" data-e-type=\"widget\" data-widget_type=\"text-editor.default\">\n\t\t\t\t<div class=\"elementor-widget-container\">\n\t\t\t\t\t\t\t\t\t<p style=\"text-align: right;\"><a href=\"#autorxs\"><em>| Por C\u00e1tedra Abierta Plan F\u00e9nix |<\/em><\/a><\/p><p>El abordaje de las problem\u00e1ticas vinculadas a la salud y su dimensi\u00f3n de la salud mental en particular es muy complejo. La salud mental no se presta a los abordajes instrumentalistas, basados en la mera terap\u00e9utica medicinal o comportamental, requiere una mirada que abarque aspectos subjetivos, colectivos, culturales, econ\u00f3micos y sociales, entre otros.<\/p><p>El trastorno sanitario mental fue motivo en tiempos pasados de discriminaci\u00f3n, hostigamiento e incluso persecuci\u00f3n; implicaba desconocer la naturaleza humana de quien lo sufr\u00eda. Aun cuando esas percepciones se superaron, persisti\u00f3 un p\u00e9treo clivaje entre la normalidad y la patolog\u00eda, expresado crudamente en la manicomializaci\u00f3n, una suerte de dispositivo carcelario para personas que padecen diversos sufrimientos ps\u00edquicos o que se apartan de la \u201cdeseable normalidad\u201d.<\/p><p>La superaci\u00f3n de esta percepci\u00f3n y estas pr\u00e1cticas es a\u00fan hoy uno de los temas pendientes en la agenda de la SM. El reconocimiento de la diversidad no es propio de culturas maniqueas, simplistas y estigmatizantes. Se encuentra en construcci\u00f3n un consenso a la vez moderno y maduro que pretende abandonar la seca divisi\u00f3n entre salud y enfermedad mentales. Es prioritario un abordaje que reconozca diversidad, que genere \u00e1mbitos donde todos puedan encontrar su realizaci\u00f3n personal, que propicie la vincularidad afectiva y el reconocimiento social.<\/p><p>Esto demanda una especial madurez colectiva y la implementaci\u00f3n de pol\u00edticas p\u00fablicas que ampl\u00eden los derechos vinculados al acceso a la atenci\u00f3n en SM. Como en todos los \u00e1mbitos de la vida humana, los caminos no son lineales, y los avances son sucedidos por retrocesos; por esa raz\u00f3n, la tarea de la construcci\u00f3n es cotidiana y no debe ser abandonada, es un cap\u00edtulo m\u00e1s en la construcci\u00f3n de una sociedad justa e inclusiva.<\/p>\t\t\t\t\t\t\t\t<\/div>\n\t\t\t\t<\/div>\n\t\t\t\t\t<\/div>\n\t\t<\/div>\n\t\t\t\t\t<\/div>\n\t\t<\/section>\n\t\t\t\t<section class=\"elementor-section elementor-top-section elementor-element elementor-element-4035aea elementor-section-boxed elementor-section-height-default elementor-section-height-default\" data-id=\"4035aea\" data-element_type=\"section\" data-e-type=\"section\">\n\t\t\t\t\t\t<div class=\"elementor-container elementor-column-gap-default\">\n\t\t\t\t\t<div class=\"elementor-column elementor-col-100 elementor-top-column elementor-element elementor-element-c6cb60d\" data-id=\"c6cb60d\" data-element_type=\"column\" data-e-type=\"column\">\n\t\t\t<div class=\"elementor-widget-wrap elementor-element-populated\">\n\t\t\t\t\t\t<div class=\"elementor-element elementor-element-978bf82 elementor-widget elementor-widget-html\" data-id=\"978bf82\" data-element_type=\"widget\" data-e-type=\"widget\" data-widget_type=\"html.default\">\n\t\t\t\t<div class=\"elementor-widget-container\">\n\t\t\t\t\t<!-- AddToAny BEGIN -->\r\n<div class=\"a2a_kit a2a_kit_size_32 a2a_default_style\">\r\n<a class=\"a2a_dd\" href=\"https:\/\/www.addtoany.com\/share\"><\/a>\r\n<a class=\"a2a_button_x\"><\/a>\r\n<a class=\"a2a_button_facebook\"><\/a>\r\n<a class=\"a2a_button_whatsapp\"><\/a>\r\n<a class=\"a2a_button_telegram\"><\/a>\r\n<a class=\"a2a_button_google_gmail\"><\/a>\r\n<a class=\"a2a_button_printfriendly\"><\/a>\r\n<\/div>\r\n<script async src=\"https:\/\/static.addtoany.com\/menu\/page.js\"><\/script>\r\n<!-- AddToAny END -->\t\t\t\t<\/div>\n\t\t\t\t<\/div>\n\t\t\t\t\t<\/div>\n\t\t<\/div>\n\t\t\t\t\t<\/div>\n\t\t<\/section>\n\t\t\t\t<section class=\"elementor-section elementor-top-section elementor-element elementor-element-ccd10ef elementor-section-boxed elementor-section-height-default elementor-section-height-default\" data-id=\"ccd10ef\" data-element_type=\"section\" data-e-type=\"section\" id=\"autorxs\" data-settings=\"{&quot;background_background&quot;:&quot;classic&quot;}\">\n\t\t\t\t\t\t<div class=\"elementor-container elementor-column-gap-default\">\n\t\t\t\t\t<div class=\"elementor-column elementor-col-100 elementor-top-column elementor-element elementor-element-ecfdd3f\" data-id=\"ecfdd3f\" data-element_type=\"column\" data-e-type=\"column\">\n\t\t\t<div class=\"elementor-widget-wrap elementor-element-populated\">\n\t\t\t\t\t\t<div class=\"elementor-element elementor-element-7bcdd4b elementor-widget elementor-widget-text-editor\" data-id=\"7bcdd4b\" data-element_type=\"widget\" data-e-type=\"widget\" data-widget_type=\"text-editor.default\">\n\t\t\t\t<div class=\"elementor-widget-container\">\n\t\t\t\t\t\t\t\t\t<h6>Autorxs<\/h6><p><strong><br \/>C\u00e1tedra Abierta Plan F\u00e9nix:<\/strong><br \/>Facultad de Ciencias Econ\u00f3micas, Universidad de Buenos Aires.<\/p>\t\t\t\t\t\t\t\t<\/div>\n\t\t\t\t<\/div>\n\t\t\t\t\t<\/div>\n\t\t<\/div>\n\t\t\t\t\t<\/div>\n\t\t<\/section>\n\t\t\t\t<\/div>\n\t\t","protected":false},"excerpt":{"rendered":"<p>| Por C\u00e1tedra Abierta Plan F\u00e9nix | <\/p>\n","protected":false},"author":5,"featured_media":21098,"comment_status":"closed","ping_status":"closed","sticky":false,"template":"","format":"standard","meta":{"footnotes":""},"categories":[3398],"tags":[683,250,681,189,616],"class_list":["post-21091","post","type-post","status-publish","format-standard","has-post-thumbnail","hentry","category-n-89-presentacion","tag-catedra-abierta-plan-fenix","tag-inclusion","tag-presentacion","tag-salud","tag-salud-mental"],"_links":{"self":[{"href":"https:\/\/www.economicas.uba.ar\/extension\/vocesenelfenix\/wp-json\/wp\/v2\/posts\/21091","targetHints":{"allow":["GET"]}}],"collection":[{"href":"https:\/\/www.economicas.uba.ar\/extension\/vocesenelfenix\/wp-json\/wp\/v2\/posts"}],"about":[{"href":"https:\/\/www.economicas.uba.ar\/extension\/vocesenelfenix\/wp-json\/wp\/v2\/types\/post"}],"author":[{"embeddable":true,"href":"https:\/\/www.economicas.uba.ar\/extension\/vocesenelfenix\/wp-json\/wp\/v2\/users\/5"}],"replies":[{"embeddable":true,"href":"https:\/\/www.economicas.uba.ar\/extension\/vocesenelfenix\/wp-json\/wp\/v2\/comments?post=21091"}],"version-history":[{"count":12,"href":"https:\/\/www.economicas.uba.ar\/extension\/vocesenelfenix\/wp-json\/wp\/v2\/posts\/21091\/revisions"}],"predecessor-version":[{"id":23939,"href":"https:\/\/www.economicas.uba.ar\/extension\/vocesenelfenix\/wp-json\/wp\/v2\/posts\/21091\/revisions\/23939"}],"wp:featuredmedia":[{"embeddable":true,"href":"https:\/\/www.economicas.uba.ar\/extension\/vocesenelfenix\/wp-json\/wp\/v2\/media\/21098"}],"wp:attachment":[{"href":"https:\/\/www.economicas.uba.ar\/extension\/vocesenelfenix\/wp-json\/wp\/v2\/media?parent=21091"}],"wp:term":[{"taxonomy":"category","embeddable":true,"href":"https:\/\/www.economicas.uba.ar\/extension\/vocesenelfenix\/wp-json\/wp\/v2\/categories?post=21091"},{"taxonomy":"post_tag","embeddable":true,"href":"https:\/\/www.economicas.uba.ar\/extension\/vocesenelfenix\/wp-json\/wp\/v2\/tags?post=21091"}],"curies":[{"name":"wp","href":"https:\/\/api.w.org\/{rel}","templated":true}]}}