{"id":2152,"date":"2020-12-01T01:00:25","date_gmt":"2020-12-01T04:00:25","guid":{"rendered":"https:\/\/www.economicas.uba.ar\/extension\/vocesenelfenix\/?p=2152"},"modified":"2023-11-07T16:44:16","modified_gmt":"2023-11-07T19:44:16","slug":"editorial","status":"publish","type":"post","link":"https:\/\/www.economicas.uba.ar\/extension\/vocesenelfenix\/editorial\/","title":{"rendered":"Editorial"},"content":{"rendered":"\t\t<div data-elementor-type=\"wp-post\" data-elementor-id=\"2152\" class=\"elementor elementor-2152\" data-elementor-post-type=\"post\">\n\t\t\t\t\t\t<section class=\"elementor-section elementor-top-section elementor-element elementor-element-d74e9a4 elementor-section-boxed elementor-section-height-default elementor-section-height-default\" data-id=\"d74e9a4\" data-element_type=\"section\" data-e-type=\"section\">\n\t\t\t\t\t\t<div class=\"elementor-container elementor-column-gap-default\">\n\t\t\t\t\t<div class=\"elementor-column elementor-col-100 elementor-top-column elementor-element elementor-element-7ddab11\" data-id=\"7ddab11\" data-element_type=\"column\" data-e-type=\"column\">\n\t\t\t<div class=\"elementor-widget-wrap elementor-element-populated\">\n\t\t\t\t\t\t<div class=\"elementor-element elementor-element-2cf2810 elementor-widget elementor-widget-text-editor\" data-id=\"2cf2810\" data-element_type=\"widget\" data-e-type=\"widget\" data-widget_type=\"text-editor.default\">\n\t\t\t\t<div class=\"elementor-widget-container\">\n\t\t\t\t\t\t\t\t\t<p>Este es el \u00faltimo n\u00famero de <em>Voces en el F\u00e9nix<\/em> en contar con la direcci\u00f3n de nuestro querido Abraham Leonardo Gak, fundador y director del Plan F\u00e9nix hace ya 20 a\u00f1os. Leo ha fallecido el 8 de diciembre de 2020. Concluy\u00f3 as\u00ed una larga vida, en la que dej\u00f3 una huella duradera en muchos \u00e1mbitos, entre ellos la Universidad de Buenos Aires.<\/p><p>Leo fue una persona con una vitalidad y empuje extraordinarios. Esta entrega de <em>Voces en el F\u00e9nix<\/em> tiene la especial misi\u00f3n de brindarle un homenaje; entendemos que la mejor forma de hacerlo es continuar con la tarea que \u00e9l inici\u00f3 y no abandon\u00f3 hasta el \u00faltimo de sus d\u00edas.<\/p><p>No solo por esta raz\u00f3n este n\u00famero de <em>Voces en el F\u00e9nix<\/em> es diferente de todos los anteriores. Esta entrega se pens\u00f3, se elabor\u00f3 y edit\u00f3 en un contexto in\u00e9dito, marcado por la pandemia ocasionada por el Covid-19, que es el tema convocante. Nunca antes <em>Voces en el F\u00e9nix<\/em> se hab\u00eda abocado al tratamiento de un hecho puntual.<\/p><p>Se trata adem\u00e1s de un n\u00famero que re\u00fane a una diversidad de disciplinas y abordajes. Hemos pensado en reunir voces diferentes \u2013en cuanto al enfoque y la perspectiva te\u00f3rica\u2013 para tratar este aut\u00e9ntico \u201ccisne negro\u201d que enfrenta el mundo. Cumplen este cometido las quince excelentes contribuciones que hemos recibido, y que ser\u00e1n debatidas en el futuro en el seno del Plan F\u00e9nix.<\/p><p>Hay un acuerdo general en que este episodio dram\u00e1tico se desarrolla en un contexto muy desfavorable para la Argentina dado el visible estancamiento econ\u00f3mico. Por esta raz\u00f3n, la expectativa generalizada es que la pandemia agrave tendencias preexistentes, aunque no faltan quienes piensen que este complejo episodio abre posibilidades de un redireccionamiento hacia trayectorias m\u00e1s venturosas.<\/p><p>Ahora bien, m\u00e1s all\u00e1 del particular contexto previo en el caso de la Argentina, est\u00e1 claro que nunca un \u201ccisne negro\u201d se produce en una circunstancia favorable; se trata en esencia de un hecho disruptivo, que altera profundamente rutinas y escenarios previos y nos pone ante horizontes desconocidos. La situaci\u00f3n ocasionada por la pandemia del Covid comparte caracter\u00edsticas con lo que pueden producir una crisis econ\u00f3mica o una guerra, pero tiene singularidades potentes. Aquellos pa\u00edses que \u2013en el Lejano Oriente\u2013 la han enfrentado con m\u00e1s \u00e9xito, ven\u00edan de episodios anteriores similares (gripe porcina, gripe aviar) de los que supieron extraer aprendizajes; para ellos no fue enteramente un \u201ccisne negro\u201d. Pero para nosotros s\u00ed lo es, y como tal debemos tratarlo.<\/p><p>Hay un aspecto que interesa resaltar, complementando las contribuciones de este n\u00famero, y es la reacci\u00f3n de los sistemas pol\u00edticos ante el Covid. La Uni\u00f3n Europea ha mostrado una muy baja unidad en la respuesta; la pandemia ha devuelto centralidad a los Estados nacionales, evidenciando que la tal \u201cUni\u00f3n\u201d Europea tiene vocaci\u00f3n para la promoci\u00f3n de la liberalizaci\u00f3n econ\u00f3mica, y no para ofrecer una cobertura eficaz y coordinada ante una emergencia. En Estados Unidos, donde tal \u201cuni\u00f3n\u201d est\u00e1 pol\u00edticamente materializada, hemos asistido a una completa desarticulaci\u00f3n entre el nivel federal y los gobiernos estaduales; esto se ha replicado en Brasil. La Argentina ha mostrado s\u00edntomas similares, aunque en grado m\u00e1s atenuado, evidencia de un federalismo atravesado por grietas pol\u00edticas, pero que a la larga acude a los recursos y capacidades del gobierno nacional.<\/p><p>Por otro lado, una reacci\u00f3n no esperada al principio de este a\u00f1o fue la emergencia de una particular combinaci\u00f3n de autoritarismo y posicionamientos libertarios y antiestatistas. Este fen\u00f3meno atraves\u00f3 todo el mundo occidental (en menor grado en Oriente), y tuvo manifestaciones visibles en la Argentina; contrast\u00f3 con la percepci\u00f3n (y esperanza) inicial en el sentido de que la pandemia devolver\u00eda centralidad al Estado, luego de que su capacidad de intervenci\u00f3n fuera debilitada por la prolongada vigencia del paradigma neoliberal.<\/p><p>La incertidumbre que rodea este episodio singular y su desenlace no debe sorprendernos, porque se trata precisamente de un \u201ccisne negro\u201d. Fortalecer las capacidades en el plano de la coordinaci\u00f3n consciente (y no a trav\u00e9s de los mercados an\u00f3nimos) es de todas formas imperativo; en lo que ata\u00f1e a las respuestas, la pandemia muestra semejanzas con las crisis econ\u00f3micas y con las guerras. Esto engloba tanto la cuesti\u00f3n de la movilizaci\u00f3n de recursos materiales como de la construcci\u00f3n pol\u00edtica y social.<\/p><p>Esta respuesta debe asegurar la vigencia de valores tales como la equidad, la solidaridad, el crecimiento ordenado y la preservaci\u00f3n ambiental. Si la logramos, la pandemia habr\u00e1 ocasionado sufrimiento, pero tambi\u00e9n habr\u00e1 dejado algo positivo.<\/p><p>Esperamos que el contenido de este n\u00famero \u2013que se suma a muchas otras reflexiones que podemos ver en estos d\u00edas\u2013 sea una contribuci\u00f3n en ese sentido. Desarrollo y equidad contin\u00faan siendo, como lo dij\u00e9ramos desde el inicio desde el Plan F\u00e9nix, ejes referenciales ineludibles.<\/p>\t\t\t\t\t\t\t\t<\/div>\n\t\t\t\t<\/div>\n\t\t\t\t\t<\/div>\n\t\t<\/div>\n\t\t\t\t\t<\/div>\n\t\t<\/section>\n\t\t\t\t<section class=\"elementor-section elementor-top-section elementor-element elementor-element-e72db74 elementor-section-boxed elementor-section-height-default elementor-section-height-default\" data-id=\"e72db74\" data-element_type=\"section\" data-e-type=\"section\">\n\t\t\t\t\t\t<div class=\"elementor-container elementor-column-gap-default\">\n\t\t\t\t\t<div class=\"elementor-column elementor-col-100 elementor-top-column elementor-element elementor-element-6e5d9cc\" data-id=\"6e5d9cc\" data-element_type=\"column\" data-e-type=\"column\">\n\t\t\t<div class=\"elementor-widget-wrap elementor-element-populated\">\n\t\t\t\t\t\t<div class=\"elementor-element elementor-element-a554597 elementor-widget elementor-widget-html\" data-id=\"a554597\" data-element_type=\"widget\" data-e-type=\"widget\" data-widget_type=\"html.default\">\n\t\t\t\t<div class=\"elementor-widget-container\">\n\t\t\t\t\t<!-- AddToAny BEGIN -->\r\n<div class=\"a2a_kit a2a_kit_size_32 a2a_default_style\">\r\n<a class=\"a2a_dd\" href=\"https:\/\/www.addtoany.com\/share\"><\/a>\r\n<a class=\"a2a_button_x\"><\/a>\r\n<a class=\"a2a_button_facebook\"><\/a>\r\n<a class=\"a2a_button_whatsapp\"><\/a>\r\n<a class=\"a2a_button_telegram\"><\/a>\r\n<a class=\"a2a_button_google_gmail\"><\/a>\r\n<a class=\"a2a_button_printfriendly\"><\/a>\r\n<\/div>\r\n<script async src=\"https:\/\/static.addtoany.com\/menu\/page.js\"><\/script>\r\n<!-- AddToAny END -->\t\t\t\t<\/div>\n\t\t\t\t<\/div>\n\t\t\t\t\t<\/div>\n\t\t<\/div>\n\t\t\t\t\t<\/div>\n\t\t<\/section>\n\t\t\t\t<\/div>\n\t\t","protected":false},"excerpt":{"rendered":"<p>Este es el \u00faltimo n\u00famero de Voces en el F\u00e9nix en contar con la direcci\u00f3n de nuestro querido Abraham Leonardo Gak, fundador y director del Plan F\u00e9nix hace ya 20<\/p>\n","protected":false},"author":5,"featured_media":8067,"comment_status":"closed","ping_status":"closed","sticky":false,"template":"","format":"standard","meta":{"footnotes":""},"categories":[17],"tags":[137,20,310,23,35],"class_list":["post-2152","post","type-post","status-publish","format-standard","has-post-thumbnail","hentry","category-n-82-presentacion","tag-abraham-leonardo-gak","tag-covid-19","tag-editorial","tag-pandemia","tag-pospandemia"],"_links":{"self":[{"href":"https:\/\/www.economicas.uba.ar\/extension\/vocesenelfenix\/wp-json\/wp\/v2\/posts\/2152","targetHints":{"allow":["GET"]}}],"collection":[{"href":"https:\/\/www.economicas.uba.ar\/extension\/vocesenelfenix\/wp-json\/wp\/v2\/posts"}],"about":[{"href":"https:\/\/www.economicas.uba.ar\/extension\/vocesenelfenix\/wp-json\/wp\/v2\/types\/post"}],"author":[{"embeddable":true,"href":"https:\/\/www.economicas.uba.ar\/extension\/vocesenelfenix\/wp-json\/wp\/v2\/users\/5"}],"replies":[{"embeddable":true,"href":"https:\/\/www.economicas.uba.ar\/extension\/vocesenelfenix\/wp-json\/wp\/v2\/comments?post=2152"}],"version-history":[{"count":29,"href":"https:\/\/www.economicas.uba.ar\/extension\/vocesenelfenix\/wp-json\/wp\/v2\/posts\/2152\/revisions"}],"predecessor-version":[{"id":24280,"href":"https:\/\/www.economicas.uba.ar\/extension\/vocesenelfenix\/wp-json\/wp\/v2\/posts\/2152\/revisions\/24280"}],"wp:featuredmedia":[{"embeddable":true,"href":"https:\/\/www.economicas.uba.ar\/extension\/vocesenelfenix\/wp-json\/wp\/v2\/media\/8067"}],"wp:attachment":[{"href":"https:\/\/www.economicas.uba.ar\/extension\/vocesenelfenix\/wp-json\/wp\/v2\/media?parent=2152"}],"wp:term":[{"taxonomy":"category","embeddable":true,"href":"https:\/\/www.economicas.uba.ar\/extension\/vocesenelfenix\/wp-json\/wp\/v2\/categories?post=2152"},{"taxonomy":"post_tag","embeddable":true,"href":"https:\/\/www.economicas.uba.ar\/extension\/vocesenelfenix\/wp-json\/wp\/v2\/tags?post=2152"}],"curies":[{"name":"wp","href":"https:\/\/api.w.org\/{rel}","templated":true}]}}